{"id":1184,"date":"2026-02-11T08:55:12","date_gmt":"2026-02-11T08:55:12","guid":{"rendered":"https:\/\/eskigazeteci.com\/?p=1184"},"modified":"2026-02-11T08:55:12","modified_gmt":"2026-02-11T08:55:12","slug":"natodan-turk-f-16","status":"publish","type":"post","link":"https:\/\/eskigazeteci.com\/?p=1184","title":{"rendered":"NATO&#8217;dan T\u00fcrk F-16"},"content":{"rendered":"<p>Payla\u015f\u0131mda, &quot;Kaplan renklerine boyanan bir T\u00fcrk F-16&#x27;s\u0131, Romanya \u00fczerinde g\u00f6rev s\u0131ras\u0131nda havada yak\u0131t ikmali yap\u0131yor&quot; ifadeleri kullan\u0131ld\u0131. NATO Hava Komutanl\u0131\u011f\u0131n\u0131n sosyal medya hesab\u0131ndan T\u00fcrk ordusuna ait kaplan motifli F-16&#x27;n\u0131n hava yak\u0131t ikmali yapt\u0131\u011f\u0131 anlar\u0131n g\u00f6r\u00fcnt\u00fcs\u00fc yay\u0131nland\u0131.<\/p>\n","protected":false},"excerpt":{"rendered":"<p>NATO, Romanya hava sahas\u0131nda yak\u0131t ikmali yapan kaplan desenli T\u00fcrk F-16&#8217;s\u0131n\u0131n g\u00f6r\u00fcnt\u00fcs\u00fcn\u00fc payla\u015ft\u0131.<\/p>\n","protected":false},"author":2,"featured_media":1183,"comment_status":"open","ping_status":"open","sticky":false,"template":"","format":"standard","meta":{"footnotes":""},"categories":[8,6,5],"tags":[],"class_list":["post-1184","post","type-post","status-publish","format-standard","has-post-thumbnail","hentry","category-arsiv","category-gundem","category-son-dakika"],"_links":{"self":[{"href":"https:\/\/eskigazeteci.com\/index.php?rest_route=\/wp\/v2\/posts\/1184","targetHints":{"allow":["GET"]}}],"collection":[{"href":"https:\/\/eskigazeteci.com\/index.php?rest_route=\/wp\/v2\/posts"}],"about":[{"href":"https:\/\/eskigazeteci.com\/index.php?rest_route=\/wp\/v2\/types\/post"}],"author":[{"embeddable":true,"href":"https:\/\/eskigazeteci.com\/index.php?rest_route=\/wp\/v2\/users\/2"}],"replies":[{"embeddable":true,"href":"https:\/\/eskigazeteci.com\/index.php?rest_route=%2Fwp%2Fv2%2Fcomments&post=1184"}],"version-history":[{"count":0,"href":"https:\/\/eskigazeteci.com\/index.php?rest_route=\/wp\/v2\/posts\/1184\/revisions"}],"wp:featuredmedia":[{"embeddable":true,"href":"https:\/\/eskigazeteci.com\/index.php?rest_route=\/wp\/v2\/media\/1183"}],"wp:attachment":[{"href":"https:\/\/eskigazeteci.com\/index.php?rest_route=%2Fwp%2Fv2%2Fmedia&parent=1184"}],"wp:term":[{"taxonomy":"category","embeddable":true,"href":"https:\/\/eskigazeteci.com\/index.php?rest_route=%2Fwp%2Fv2%2Fcategories&post=1184"},{"taxonomy":"post_tag","embeddable":true,"href":"https:\/\/eskigazeteci.com\/index.php?rest_route=%2Fwp%2Fv2%2Ftags&post=1184"}],"curies":[{"name":"wp","href":"https:\/\/api.w.org\/{rel}","templated":true}]}}