{"id":1178,"date":"2026-02-11T08:45:18","date_gmt":"2026-02-11T08:45:18","guid":{"rendered":"https:\/\/eskigazeteci.com\/?p=1178"},"modified":"2026-02-11T08:45:18","modified_gmt":"2026-02-11T08:45:18","slug":"itfaiyenin-bas-soforune-yapilan-surpriz-korkuttu-anam-anam-benim-evim","status":"publish","type":"post","link":"https:\/\/eskigazeteci.com\/?p=1178","title":{"rendered":"\u0130tfaiyenin ba\u015f \u015fof\u00f6r\u00fcne yap\u0131lan s\u00fcrpriz korkuttu: \u2018Anam anam benim evim\u2019"},"content":{"rendered":"<p>Bolu Belediyesi \u0130tfaiye M\u00fcd\u00fcrl\u00fc\u011f\u00fc\u2019nde ba\u015f \u015fof\u00f6r olarak g\u00f6rev yapan \u0130lhami \u00d6zer \u2019e mesai arkada\u015flar\u0131 s\u00fcrpriz do\u011fum g\u00fcn\u00fc kutlamas\u0131 haz\u0131rlad\u0131. \u0130tfaiye M\u00fcd\u00fcrl\u00fc\u011f\u00fc\u2019ndeki anons sisteminden elektrik konta\u011f\u0131 kaynakl\u0131 ev yang\u0131n\u0131 anonsuyla \u00d6zer\u2019in Tepecik Mahallesi\u2019ndeki evinin adresi verildi.<\/p>\n<p>\u0130tfaiye arac\u0131na ko\u015fan \u00d6zer, tam araca bindi\u011fi s\u0131rada anons edilen adresin kendi evi oldu\u011funu fark etti. Endi\u015fe ve panikle \u2018Anam anam benim evim\u2019 diyerek itfaiye arac\u0131na binen \u00d6zer, yan koltukta mesai arkada\u015flar\u0131n\u0131n kendisi i\u00e7in haz\u0131rlad\u0131\u011f\u0131 do\u011fum g\u00fcn\u00fc pastas\u0131 ile kar\u015f\u0131la\u015ft\u0131.<\/p>\n<p>\u00d6zer, \u00fczerinde \u2018Yang\u0131na k\u00f6r\u00fckle de\u011fil vitesle giden adam\u2019 yaz\u0131l\u0131 pastas\u0131n\u0131n \u00fczerindeki mumlar\u0131 \u00fcflerken, ya\u015fad\u0131\u011f\u0131 k\u0131sa s\u00fcreli korku ve sevin\u00e7 y\u00fcz\u00fcne yans\u0131d\u0131. \u00d6zer\u2019in mesai arkada\u015flar\u0131 o anlar\u0131 cep telefonu kameras\u0131yla g\u00f6r\u00fcnt\u00fcledi.<\/p>\n<p>T\u00fcrkiye g\u00fcndeminden son dakika haberleri, bug\u00fcn ya\u015fanan en son geli\u015fmeler, siyaset g\u00fcndeminden g\u00fcncel haberler ve b\u00fct\u00fcn son dakika haberleri i\u00e7in H\u00fcrriyet&#x27;in internet haber sitesi hurriyet.com.tr; Hurriyet.com.tr haber i\u00e7erikleri kaynak g\u00f6sterilmeden al\u0131nt\u0131 yap\u0131lamaz, Kanuna ayk\u0131r\u0131 ve izinsiz olarak kopyalanamaz, ba\u015fka yerde yay\u0131nlanamaz.<\/p>\n","protected":false},"excerpt":{"rendered":"<p>Bolu Belediyesi \u0130tfaiye M\u00fcd\u00fcrl\u00fc\u011f\u00fc\u2019nde ba\u015f \u015fof\u00f6r olarak g\u00f6rev yapan \u0130lhami \u00d6zer, binadaki anons sisteminden yang\u0131n ihbar\u0131n\u0131 al\u0131nca arac\u0131na ko\u015ftu. Tam itfaiye&#8230;<\/p>\n","protected":false},"author":2,"featured_media":1177,"comment_status":"open","ping_status":"open","sticky":false,"template":"","format":"standard","meta":{"footnotes":""},"categories":[8,6,5],"tags":[],"class_list":["post-1178","post","type-post","status-publish","format-standard","has-post-thumbnail","hentry","category-arsiv","category-gundem","category-son-dakika"],"_links":{"self":[{"href":"https:\/\/eskigazeteci.com\/index.php?rest_route=\/wp\/v2\/posts\/1178","targetHints":{"allow":["GET"]}}],"collection":[{"href":"https:\/\/eskigazeteci.com\/index.php?rest_route=\/wp\/v2\/posts"}],"about":[{"href":"https:\/\/eskigazeteci.com\/index.php?rest_route=\/wp\/v2\/types\/post"}],"author":[{"embeddable":true,"href":"https:\/\/eskigazeteci.com\/index.php?rest_route=\/wp\/v2\/users\/2"}],"replies":[{"embeddable":true,"href":"https:\/\/eskigazeteci.com\/index.php?rest_route=%2Fwp%2Fv2%2Fcomments&post=1178"}],"version-history":[{"count":0,"href":"https:\/\/eskigazeteci.com\/index.php?rest_route=\/wp\/v2\/posts\/1178\/revisions"}],"wp:featuredmedia":[{"embeddable":true,"href":"https:\/\/eskigazeteci.com\/index.php?rest_route=\/wp\/v2\/media\/1177"}],"wp:attachment":[{"href":"https:\/\/eskigazeteci.com\/index.php?rest_route=%2Fwp%2Fv2%2Fmedia&parent=1178"}],"wp:term":[{"taxonomy":"category","embeddable":true,"href":"https:\/\/eskigazeteci.com\/index.php?rest_route=%2Fwp%2Fv2%2Fcategories&post=1178"},{"taxonomy":"post_tag","embeddable":true,"href":"https:\/\/eskigazeteci.com\/index.php?rest_route=%2Fwp%2Fv2%2Ftags&post=1178"}],"curies":[{"name":"wp","href":"https:\/\/api.w.org\/{rel}","templated":true}]}}