{"id":1176,"date":"2026-02-11T08:43:46","date_gmt":"2026-02-11T08:43:46","guid":{"rendered":"https:\/\/eskigazeteci.com\/?p=1176"},"modified":"2026-02-11T08:43:46","modified_gmt":"2026-02-11T08:43:46","slug":"a-milli-takimin-uluslar-ligindeki-rakibi-belli-oluyor-iste-muhtemel-rakiplerimiz","status":"publish","type":"post","link":"https:\/\/eskigazeteci.com\/?p=1176","title":{"rendered":"A Milli Tak\u0131m&#8217;\u0131n Uluslar Ligi&#8217;ndeki rakibi belli oluyor! \u0130\u015fte muhtemel rakiplerimiz"},"content":{"rendered":"<p>Lig a\u015famas\u0131n\u0131n kura \u00e7ekimi , Bel\u00e7ika&#x27;n\u0131n ba\u015fkenti Br\u00fcksel&#x27;de TS\u0130 20.00&#x27;de ger\u00e7ekle\u015ftirilecek.<\/p>\n<p>T\u00fcrkiye, UEFA&#x27;ya \u00fcye 54 federasyon tak\u0131m\u0131n\u0131n 4 ligde m\u00fccadele edece\u011fi turnuvada A Ligi&#x27;nde yer alacak.<\/p>\n<p>T\u00dcRK\u0130YE, 4. TORBADAN KATILACAK<\/p>\n<p>Tak\u0131mlar, 2024-2025 UEFA Uluslar Ligi &#x27;ndeki genel s\u0131ralamaya g\u00f6re torbalara ayr\u0131l\u0131rken, T\u00fcrkiye kendi kategorisinde 4. torbadan kura \u00e7ekimine kat\u0131lacak.<\/p>\n<p>T\u00fcrkiye&#x27;nin de bulundu\u011fu A Ligi&#x27;nde torbalar \u015fu \u015fekilde:<\/p>\n<p>1. torba: Portekiz, \u0130spanya, Fransa, Almanya<\/p>\n<p>2. torba: \u0130talya, Hollanda, Danimarka, H\u0131rvatistan<\/p>\n<p>3. torba: S\u0131rbistan, Bel\u00e7ika, \u0130ngiltere, Norve\u00e7<\/p>\n<p>4. torba: Galler, \u00c7ekya, Yunanistan, T\u00fcrkiye<\/p>\n<p>TURNUVA FORMATI VE MA\u00c7 TAKV\u0130M\u0130<\/p>\n<p>A Ligi&#x27;nde gruplar\u0131n\u0131 ilk iki s\u0131rada tamamlayan 8 tak\u0131m, iki ayakl\u0131 \u00e7eyrek finallerde m\u00fccadele edecek. Bu e\u015fle\u015fmelerin galipleri Haziran 2027&#x27;deki final turnuvas\u0131na kat\u0131lacak.<\/p>\n<p>B ve C Liglerindeki d\u00f6rt grup birincisinin yan\u0131 s\u0131ra D Ligi&#x27;ndeki iki grup birincisi, A, B ve C Liglerine y\u00fckselecek.<\/p>\n<p>A ve B Liglerinde d\u00f6rd\u00fcnc\u00fc s\u0131ray\u0131 alan tak\u0131mlar, otomatik olarak B ve C Liglerine d\u00fc\u015fecek. C Ligi&#x27;nde d\u00f6rd\u00fcnc\u00fc s\u0131ray\u0131 alan en k\u00f6t\u00fc iki tak\u0131m da D Ligi&#x27;ne gidecek.<\/p>\n<p>A Ligi&#x27;nin \u00fc\u00e7\u00fcnc\u00fc s\u0131radaki tak\u0131mlar\u0131 ve B Ligi&#x27;nin ikincileri, B&#8230;<\/p>\n","protected":false},"excerpt":{"rendered":"<p>UEFA Uluslar Ligi&#8217;nde 2026-2027 sezonu kura \u00e7ekimi yar\u0131n yap\u0131lacak.<\/p>\n","protected":false},"author":2,"featured_media":1175,"comment_status":"open","ping_status":"open","sticky":false,"template":"","format":"standard","meta":{"footnotes":""},"categories":[8,5,7],"tags":[],"class_list":["post-1176","post","type-post","status-publish","format-standard","has-post-thumbnail","hentry","category-arsiv","category-son-dakika","category-spor"],"_links":{"self":[{"href":"https:\/\/eskigazeteci.com\/index.php?rest_route=\/wp\/v2\/posts\/1176","targetHints":{"allow":["GET"]}}],"collection":[{"href":"https:\/\/eskigazeteci.com\/index.php?rest_route=\/wp\/v2\/posts"}],"about":[{"href":"https:\/\/eskigazeteci.com\/index.php?rest_route=\/wp\/v2\/types\/post"}],"author":[{"embeddable":true,"href":"https:\/\/eskigazeteci.com\/index.php?rest_route=\/wp\/v2\/users\/2"}],"replies":[{"embeddable":true,"href":"https:\/\/eskigazeteci.com\/index.php?rest_route=%2Fwp%2Fv2%2Fcomments&post=1176"}],"version-history":[{"count":0,"href":"https:\/\/eskigazeteci.com\/index.php?rest_route=\/wp\/v2\/posts\/1176\/revisions"}],"wp:featuredmedia":[{"embeddable":true,"href":"https:\/\/eskigazeteci.com\/index.php?rest_route=\/wp\/v2\/media\/1175"}],"wp:attachment":[{"href":"https:\/\/eskigazeteci.com\/index.php?rest_route=%2Fwp%2Fv2%2Fmedia&parent=1176"}],"wp:term":[{"taxonomy":"category","embeddable":true,"href":"https:\/\/eskigazeteci.com\/index.php?rest_route=%2Fwp%2Fv2%2Fcategories&post=1176"},{"taxonomy":"post_tag","embeddable":true,"href":"https:\/\/eskigazeteci.com\/index.php?rest_route=%2Fwp%2Fv2%2Ftags&post=1176"}],"curies":[{"name":"wp","href":"https:\/\/api.w.org\/{rel}","templated":true}]}}