{"id":1172,"date":"2026-02-11T08:33:39","date_gmt":"2026-02-11T08:33:39","guid":{"rendered":"https:\/\/eskigazeteci.com\/?p=1172"},"modified":"2026-02-11T08:33:39","modified_gmt":"2026-02-11T08:33:39","slug":"goruntuler-sosyal-medyada-gundem-olmustu-bebekteki-kadin-hastaneye-yatirildi","status":"publish","type":"post","link":"https:\/\/eskigazeteci.com\/?p=1172","title":{"rendered":"G\u00f6r\u00fcnt\u00fcler sosyal medyada g\u00fcndem olmu\u015ftu: Bebek&#8217;teki kad\u0131n hastaneye yat\u0131r\u0131ld\u0131"},"content":{"rendered":"<p>Polis uyar\u0131lar\u0131na ra\u011fmen yolda ilerlemeyen s\u00fcr\u00fcc\u00fcn\u00fcn a\u015fa\u011f\u0131 inmesini istedi. Ancak ara\u00e7tan inmeyen kad\u0131n i\u00e7eride dans etmeye ba\u015flad\u0131. Olay yerine \u00e7ekici ve itfaiye ekibi gelince ara\u00e7tan inerek ka\u00e7mak istedi.<\/p>\n","protected":false},"excerpt":{"rendered":"<p>Olay, saat 15.00 s\u0131ralar\u0131nda Be\u015fikta\u015f Bebek&#8217;de meydana geldi.<\/p>\n","protected":false},"author":2,"featured_media":1171,"comment_status":"open","ping_status":"open","sticky":false,"template":"","format":"standard","meta":{"footnotes":""},"categories":[8,6,5],"tags":[],"class_list":["post-1172","post","type-post","status-publish","format-standard","has-post-thumbnail","hentry","category-arsiv","category-gundem","category-son-dakika"],"_links":{"self":[{"href":"https:\/\/eskigazeteci.com\/index.php?rest_route=\/wp\/v2\/posts\/1172","targetHints":{"allow":["GET"]}}],"collection":[{"href":"https:\/\/eskigazeteci.com\/index.php?rest_route=\/wp\/v2\/posts"}],"about":[{"href":"https:\/\/eskigazeteci.com\/index.php?rest_route=\/wp\/v2\/types\/post"}],"author":[{"embeddable":true,"href":"https:\/\/eskigazeteci.com\/index.php?rest_route=\/wp\/v2\/users\/2"}],"replies":[{"embeddable":true,"href":"https:\/\/eskigazeteci.com\/index.php?rest_route=%2Fwp%2Fv2%2Fcomments&post=1172"}],"version-history":[{"count":0,"href":"https:\/\/eskigazeteci.com\/index.php?rest_route=\/wp\/v2\/posts\/1172\/revisions"}],"wp:featuredmedia":[{"embeddable":true,"href":"https:\/\/eskigazeteci.com\/index.php?rest_route=\/wp\/v2\/media\/1171"}],"wp:attachment":[{"href":"https:\/\/eskigazeteci.com\/index.php?rest_route=%2Fwp%2Fv2%2Fmedia&parent=1172"}],"wp:term":[{"taxonomy":"category","embeddable":true,"href":"https:\/\/eskigazeteci.com\/index.php?rest_route=%2Fwp%2Fv2%2Fcategories&post=1172"},{"taxonomy":"post_tag","embeddable":true,"href":"https:\/\/eskigazeteci.com\/index.php?rest_route=%2Fwp%2Fv2%2Ftags&post=1172"}],"curies":[{"name":"wp","href":"https:\/\/api.w.org\/{rel}","templated":true}]}}