{"id":1170,"date":"2026-02-11T08:32:13","date_gmt":"2026-02-11T08:32:13","guid":{"rendered":"https:\/\/eskigazeteci.com\/?p=1170"},"modified":"2026-02-11T08:32:13","modified_gmt":"2026-02-11T08:32:13","slug":"ramazan-oncesi-sevindiren-karar-fiyatlari-sabitlediler","status":"publish","type":"post","link":"https:\/\/eskigazeteci.com\/?p=1170","title":{"rendered":"Ramazan \u00f6ncesi sevindiren karar: Fiyatlar\u0131 sabitlediler"},"content":{"rendered":"<p>Yakla\u015fan ramazan ay\u0131yla birlikte vatanda\u015f\u0131n temel g\u0131daya daha rahat eri\u015fimi i\u00e7in \u0130GTOT esnaf\u0131, s\u00fct, s\u00fct \u00fcr\u00fcnleri, ya\u011f, pirin\u00e7, kuru fasulye ve hurma gibi \u00fcr\u00fcnlerin fiyatlar\u0131n\u0131 sabitlediklerini duyurdu.<\/p>\n<p>Konuya ili\u015fkin, AA muhabirine de\u011ferlendirmelerde bulunan \u0130stanbul G\u0131da Toptanc\u0131lar\u0131 \u00c7ar\u015f\u0131s\u0131 Y\u00f6netim Kurulu Ba\u015fkan\u0131 Mustafa Karl\u0131, \u0130GTOT&#x27;un Avrupa&#x27;n\u0131n en b\u00fcy\u00fck g\u0131da \u00e7ar\u015f\u0131lar\u0131ndan biri oldu\u011funu, yakla\u015f\u0131k 2 bin 300 ara\u00e7l\u0131k otoparkla faaliyet g\u00f6sterdiklerini ve \u00e7ar\u015f\u0131da g\u0131dan\u0131n t\u00fcm \u00e7e\u015fitlerine eri\u015fim sa\u011fland\u0131\u011f\u0131n\u0131 ifade etti.<\/p>\n<p>Yakla\u015fan ramazan ay\u0131yla birlikte \u00e7ar\u015f\u0131 esnaf\u0131 ile yapt\u0131klar\u0131 toplant\u0131da fiyatlar\u0131 sabitleme karar\u0131 ald\u0131klar\u0131n\u0131 vurgulayan Karl\u0131, &quot;T\u00fcm g\u0131da \u00e7e\u015fitlerinin fiyatlar\u0131n\u0131 her ramazan ay\u0131nda oldu\u011fu gibi bu ramazan da sabitledik. Allah nasip ederse gelen b\u00fct\u00fcn esnafa, mahalle halk\u0131m\u0131za ve \u0130stanbullulara hizmet etmeye haz\u0131r\u0131z.&quot; diye konu\u015ftu.<\/p>\n<p>Karl\u0131, vatanda\u015fa bu ramazan ay\u0131nda da kaliteli ve uygun \u015fartlarda hizmet edeceklerini belirterek, \u00e7ar\u015f\u0131ya al\u0131\u015fveri\u015fe gelen esnaf\u0131n da kaliteli \u00fcr\u00fcnlere ula\u015fabildi\u011fini ve \u00e7ar\u015f\u0131daki fiyatlar\u0131n avantaj sa\u011flad\u0131\u011f\u0131n\u0131 anlatt\u0131.<\/p>\n<p>\u00c7ar\u015f\u0131n\u0131n 4 y\u0131ld\u0131r faaliyette oldu\u011funu dile getiren Karl\u0131, &quot;Fiyatlar\u0131 sabitlerken ilk etapta geni\u015f y\u00f6netim kurulu&#8230;<\/p>\n","protected":false},"excerpt":{"rendered":"<p>\u0130stanbul G\u0131da Toptanc\u0131lar\u0131 \u00c7ar\u015f\u0131s\u0131 (\u0130GTOT) Y\u00f6netim Kurulu Ba\u015fkan\u0131 Mustafa Karl\u0131, fiyatlar\u0131 sabitleme karar\u0131 \u00f6ncesinde esnaf\u0131n da dahil edildi\u011fi geni\u015f&#8230;<\/p>\n","protected":false},"author":2,"featured_media":1169,"comment_status":"open","ping_status":"open","sticky":false,"template":"","format":"standard","meta":{"footnotes":""},"categories":[8,6,5],"tags":[],"class_list":["post-1170","post","type-post","status-publish","format-standard","has-post-thumbnail","hentry","category-arsiv","category-gundem","category-son-dakika"],"_links":{"self":[{"href":"https:\/\/eskigazeteci.com\/index.php?rest_route=\/wp\/v2\/posts\/1170","targetHints":{"allow":["GET"]}}],"collection":[{"href":"https:\/\/eskigazeteci.com\/index.php?rest_route=\/wp\/v2\/posts"}],"about":[{"href":"https:\/\/eskigazeteci.com\/index.php?rest_route=\/wp\/v2\/types\/post"}],"author":[{"embeddable":true,"href":"https:\/\/eskigazeteci.com\/index.php?rest_route=\/wp\/v2\/users\/2"}],"replies":[{"embeddable":true,"href":"https:\/\/eskigazeteci.com\/index.php?rest_route=%2Fwp%2Fv2%2Fcomments&post=1170"}],"version-history":[{"count":0,"href":"https:\/\/eskigazeteci.com\/index.php?rest_route=\/wp\/v2\/posts\/1170\/revisions"}],"wp:featuredmedia":[{"embeddable":true,"href":"https:\/\/eskigazeteci.com\/index.php?rest_route=\/wp\/v2\/media\/1169"}],"wp:attachment":[{"href":"https:\/\/eskigazeteci.com\/index.php?rest_route=%2Fwp%2Fv2%2Fmedia&parent=1170"}],"wp:term":[{"taxonomy":"category","embeddable":true,"href":"https:\/\/eskigazeteci.com\/index.php?rest_route=%2Fwp%2Fv2%2Fcategories&post=1170"},{"taxonomy":"post_tag","embeddable":true,"href":"https:\/\/eskigazeteci.com\/index.php?rest_route=%2Fwp%2Fv2%2Ftags&post=1170"}],"curies":[{"name":"wp","href":"https:\/\/api.w.org\/{rel}","templated":true}]}}