{"id":1168,"date":"2026-02-11T08:26:46","date_gmt":"2026-02-11T08:26:46","guid":{"rendered":"https:\/\/eskigazeteci.com\/?p=1168"},"modified":"2026-02-11T08:26:46","modified_gmt":"2026-02-11T08:26:46","slug":"fransiz-diplomata-epstein-sorusturmasi","status":"publish","type":"post","link":"https:\/\/eskigazeteci.com\/?p=1168","title":{"rendered":"Frans\u0131z diplomata Epstein soru\u015fturmas\u0131"},"content":{"rendered":"<p>Barrot, ABD merkezli X \u015firketinin sosyal medya platformundan yapt\u0131\u011f\u0131 a\u00e7\u0131klamada, Frans\u0131z diplomat Aidan ile ilgili iddialar hakk\u0131nda Cumhuriyet Savc\u0131l\u0131\u011f\u0131na \u015fikayette bulundu\u011funu bildirdi.<\/p>\n<p>Fransa D\u0131\u015fi\u015fleri Bakan\u0131, Bakanl\u0131k Ba\u015f Sekreteri olarak g\u00f6rev yapan ancak ki\u015fisel nedenlerden dolay\u0131 izinde bulunan, \u00f6zel sekt\u00f6rde de faaliyetler y\u00fcr\u00fcten Aidan hakk\u0131nda \u201cadalet sisteminin \u00e7al\u0131\u015fmalar\u0131na katk\u0131 sunmak amac\u0131yla Frans\u0131z diplomat hakk\u0131nda idari soru\u015fturma ve disiplin soru\u015fturmas\u0131 a\u00e7\u0131ld\u0131\u011f\u0131n\u0131\u201d kaydetti.<\/p>\n<p>Fransa D\u0131\u015fi\u015fleri Bakan\u0131 Jean-Noel Barrot<\/p>\n<p>\u00d6ZEL \u015e\u0130RKETTEK\u0130 \u0130\u015e\u0130NDEN UZAKLA\u015eTIRILDI<\/p>\n<p>Hakk\u0131nda \u00e7e\u015fitli su\u00e7lar i\u00e7eren iddialar ve Epstein ile ba\u011flant\u0131lar\u0131 bas\u0131na yans\u0131yan Fabrice Aidan, \u00e7al\u0131\u015ft\u0131\u011f\u0131 enerji \u015firketi Engie\u2019den uzakla\u015ft\u0131r\u0131ld\u0131.<\/p>\n<p>\u015eirket taraf\u0131ndan yap\u0131lan a\u00e7\u0131klamada, \u201cBaz\u0131 medya kaynaklar\u0131nda yer alan ve dikkatimize sunulan, (Frans\u0131z diplomat\u0131n) \u015firkette i\u015fe ba\u015flamas\u0131ndan \u00f6nceki d\u00f6neme ili\u015fkin hususlar nedeniyle Fabrice Aidan\u2019\u0131n g\u00f6revini ask\u0131ya alma karar\u0131 ald\u0131k.\u201d ifadeleri kullan\u0131ld\u0131.<\/p>\n<p>ADI 200 BELGEDE YER ALIYOR<\/p>\n<p>ABD Adalet Bakanl\u0131\u011f\u0131nca yay\u0131mlanan yeni Epstein belgelerinin yakla\u015f\u0131k 200\u2019\u00fcnde Frans\u0131z diplomat\u0131n ismi ge\u00e7iyor. Belgeler, Frans\u0131z diplomat\u0131n 2010-2017 d\u00f6neminde \u00f6zellikle&#8230;<\/p>\n","protected":false},"excerpt":{"rendered":"<p>Fransa D\u0131\u015fi\u015fleri Bakan\u0131 Jean-Noel Barrot, Epstein dosyalar\u0131nda ad\u0131 ge\u00e7en Frans\u0131z diplomat Fabrice Aidan&#8217;la ilgili yasal s\u00fcre\u00e7 ba\u015flatt\u0131klar\u0131n\u0131 bildirdi.<\/p>\n","protected":false},"author":2,"featured_media":1167,"comment_status":"open","ping_status":"open","sticky":false,"template":"","format":"standard","meta":{"footnotes":""},"categories":[8,6,5],"tags":[],"class_list":["post-1168","post","type-post","status-publish","format-standard","has-post-thumbnail","hentry","category-arsiv","category-gundem","category-son-dakika"],"_links":{"self":[{"href":"https:\/\/eskigazeteci.com\/index.php?rest_route=\/wp\/v2\/posts\/1168","targetHints":{"allow":["GET"]}}],"collection":[{"href":"https:\/\/eskigazeteci.com\/index.php?rest_route=\/wp\/v2\/posts"}],"about":[{"href":"https:\/\/eskigazeteci.com\/index.php?rest_route=\/wp\/v2\/types\/post"}],"author":[{"embeddable":true,"href":"https:\/\/eskigazeteci.com\/index.php?rest_route=\/wp\/v2\/users\/2"}],"replies":[{"embeddable":true,"href":"https:\/\/eskigazeteci.com\/index.php?rest_route=%2Fwp%2Fv2%2Fcomments&post=1168"}],"version-history":[{"count":0,"href":"https:\/\/eskigazeteci.com\/index.php?rest_route=\/wp\/v2\/posts\/1168\/revisions"}],"wp:featuredmedia":[{"embeddable":true,"href":"https:\/\/eskigazeteci.com\/index.php?rest_route=\/wp\/v2\/media\/1167"}],"wp:attachment":[{"href":"https:\/\/eskigazeteci.com\/index.php?rest_route=%2Fwp%2Fv2%2Fmedia&parent=1168"}],"wp:term":[{"taxonomy":"category","embeddable":true,"href":"https:\/\/eskigazeteci.com\/index.php?rest_route=%2Fwp%2Fv2%2Fcategories&post=1168"},{"taxonomy":"post_tag","embeddable":true,"href":"https:\/\/eskigazeteci.com\/index.php?rest_route=%2Fwp%2Fv2%2Ftags&post=1168"}],"curies":[{"name":"wp","href":"https:\/\/api.w.org\/{rel}","templated":true}]}}