{"id":1166,"date":"2026-02-11T08:25:14","date_gmt":"2026-02-11T08:25:14","guid":{"rendered":"https:\/\/eskigazeteci.com\/?p=1166"},"modified":"2026-02-11T08:25:14","modified_gmt":"2026-02-11T08:25:14","slug":"100-milyar-euroluk-projede-kriz-avrupanin-hayali-oluyor","status":"publish","type":"post","link":"https:\/\/eskigazeteci.com\/?p=1166","title":{"rendered":"100 milyar euroluk projede kriz: Avrupa&#8217;n\u0131n hayali \u00f6l\u00fcyor"},"content":{"rendered":"<p>Avrupa\u2019n\u0131n en geli\u015fmi\u015f sava\u015f u\u00e7a\u011f\u0131 olarak tasarlanan Gelece\u011fin Muharebe Hava Sistemi (FCAS) projesi, aradan ge\u00e7en yakla\u015f\u0131k 10 y\u0131l\u0131n ard\u0131ndan ciddi bir krizle kar\u015f\u0131 kar\u015f\u0131ya.<\/p>\n<p>2017\u2019de Fransa ve Almanya liderleri taraf\u0131ndan duyurulan ve 100 milyar euro b\u00fct\u00e7eye sahip olan proje; silahl\u0131 insans\u0131z hava ara\u00e7lar\u0131, \u201cremote carriers\u201d ve bir \u201ccombat cloud\u201d sistemiyle Avrupa savunmas\u0131nda \u00e7\u0131\u011f\u0131r a\u00e7may\u0131 hedefliyordu.<\/p>\n<p>Ancak yakla\u015f\u0131k 10 y\u0131l sonra FCAS, Avrupa hayalinin zirvesi olmaktan \u00e7ok, Fransa-Almanya ili\u015fkilerindeki gerilimin sembol\u00fc h\u00e2line geldi. \u00dcstelik bu kriz, Rusya\u2019n\u0131n NATO\u2019nun do\u011fu kanad\u0131nda bask\u0131y\u0131 art\u0131rd\u0131\u011f\u0131 ve Avrupa\u2019da g\u00fcvenlik i\u015f birli\u011finin her zamankinden daha kritik oldu\u011fu bir d\u00f6neme denk geldi.<\/p>\n<p>ALMANYA\u2019DAN UYARI<\/p>\n<p>\u0130ngiltere&#x27;nin \u00f6nde gelen gazetelerinden The Telegraph&#x27;ta yer alan habere g\u00f6re, Fransa Cumhurba\u015fkan\u0131 Emmanuel Macron, bu hafta projeyi savunmak zorunda kald\u0131. Almanya\u2019n\u0131n en b\u00fcy\u00fck sendikas\u0131 IG Metall\u2019in Ba\u015fkan Yard\u0131mc\u0131s\u0131 J\u00fcrgen Kerner ile Alman Havac\u0131l\u0131k ve Uzay Sanayii Birli\u011fi Ba\u015fkan\u0131 Marie-Christine von Hahn, Handelsblatt gazetesinde yay\u0131mlad\u0131klar\u0131 yaz\u0131da projenin \u00e7\u00f6k\u00fc\u015f\u00fcn e\u015fi\u011finde oldu\u011funu belirtti.<\/p>\n<p>\u0130kili, \u201cFCAS ba\u015flang\u0131\u00e7ta e\u015fit ortaklar aras\u0131nda ortak bir proje&#8230;<\/p>\n","protected":false},"excerpt":{"rendered":"<p>Avrupa&#8217;n\u0131n 100 milyar euroluk sava\u015f u\u00e7a\u011f\u0131 projesi, Fransa ile Almanya aras\u0131ndaki \u00e7eki\u015fme nedeniyle \u00e7\u00f6k\u00fc\u015f\u00fcn e\u015fi\u011fine geldi. Fransa ve Almanya aras\u0131ndaki&#8230;<\/p>\n","protected":false},"author":2,"featured_media":1165,"comment_status":"open","ping_status":"open","sticky":false,"template":"","format":"standard","meta":{"footnotes":""},"categories":[8,6,5],"tags":[],"class_list":["post-1166","post","type-post","status-publish","format-standard","has-post-thumbnail","hentry","category-arsiv","category-gundem","category-son-dakika"],"_links":{"self":[{"href":"https:\/\/eskigazeteci.com\/index.php?rest_route=\/wp\/v2\/posts\/1166","targetHints":{"allow":["GET"]}}],"collection":[{"href":"https:\/\/eskigazeteci.com\/index.php?rest_route=\/wp\/v2\/posts"}],"about":[{"href":"https:\/\/eskigazeteci.com\/index.php?rest_route=\/wp\/v2\/types\/post"}],"author":[{"embeddable":true,"href":"https:\/\/eskigazeteci.com\/index.php?rest_route=\/wp\/v2\/users\/2"}],"replies":[{"embeddable":true,"href":"https:\/\/eskigazeteci.com\/index.php?rest_route=%2Fwp%2Fv2%2Fcomments&post=1166"}],"version-history":[{"count":0,"href":"https:\/\/eskigazeteci.com\/index.php?rest_route=\/wp\/v2\/posts\/1166\/revisions"}],"wp:featuredmedia":[{"embeddable":true,"href":"https:\/\/eskigazeteci.com\/index.php?rest_route=\/wp\/v2\/media\/1165"}],"wp:attachment":[{"href":"https:\/\/eskigazeteci.com\/index.php?rest_route=%2Fwp%2Fv2%2Fmedia&parent=1166"}],"wp:term":[{"taxonomy":"category","embeddable":true,"href":"https:\/\/eskigazeteci.com\/index.php?rest_route=%2Fwp%2Fv2%2Fcategories&post=1166"},{"taxonomy":"post_tag","embeddable":true,"href":"https:\/\/eskigazeteci.com\/index.php?rest_route=%2Fwp%2Fv2%2Ftags&post=1166"}],"curies":[{"name":"wp","href":"https:\/\/api.w.org\/{rel}","templated":true}]}}