{"id":1162,"date":"2026-02-11T08:22:12","date_gmt":"2026-02-11T08:22:12","guid":{"rendered":"https:\/\/eskigazeteci.com\/?p=1162"},"modified":"2026-02-11T08:22:12","modified_gmt":"2026-02-11T08:22:12","slug":"14-yillik-rekoru-tarihe-gomen-en","status":"publish","type":"post","link":"https:\/\/eskigazeteci.com\/?p=1162","title":{"rendered":"14 y\u0131ll\u0131k rekoru tarihe g\u00f6men En"},"content":{"rendered":"<p>Asya \u015eampiyonlar Ligi&#x27;nin (AFC) lig a\u015famas\u0131nda Suudi Arabistan temsilcisi Al-Ittihad, Katar ekibi Al-Gharafa&#x27;y\u0131 sahas\u0131nda 7-0 gibi tarihi bir skorla ma\u011flup ederken ev sahibi tak\u0131m\u0131n ara transfer d\u00f6neminde Fenerbah\u00e7e &#x27;den kadrosuna katt\u0131\u011f\u0131 Fasl\u0131 golc\u00fc Youssef En-Nesyri sergiledi\u011fi performansla ma\u00e7a damgas\u0131n\u0131 vurdu.<\/p>\n<p>Kar\u015f\u0131la\u015fman\u0131n hen\u00fcz 3. dakikas\u0131nda att\u0131\u011f\u0131 golle tak\u0131m\u0131n\u0131 1-0 \u00f6ne ge\u00e7iren En-Nesyri, Houssem Aouar&#x27;\u0131n skoru 5-0&#x27;a getiren gol\u00fcnde de asisti yapan isim oldu.<\/p>\n<p>63. dakikada yerini George Ilenikhena&#x27;ya b\u0131rakan En-Nesyri, alk\u0131\u015flar e\u015fli\u011finde kenara geldi.<\/p>\n<p>14 YILLIK REKORU KIRDI!<\/p>\n<p>Youssef En-Nesyri, 2. dakikan\u0131n 13. saniyesinde Al-Gharafa a\u011flar\u0131na g\u00f6nderdi\u011fi golle Al-Ittihad&#x27;\u0131n Asya \u015eampiyonlar Ligi tarihindeki en h\u0131zl\u0131 gol\u00fcn\u00fc kaydetti ve bu alanda 14 y\u0131ll\u0131k rekoru tarihe g\u00f6md\u00fc.<\/p>\n<p>En-Nesyri&#x27;den \u00f6nce Al-Ittihad&#x27;\u0131n bu organizasyondaki en h\u0131zl\u0131 gol\u00fc 6 Mart 2012&#x27;de, Pakhtakor Tashkent&#x27;e kar\u015f\u0131 2. dakikan\u0131n 21. saniyesinde a\u011flar\u0131 sarsmay\u0131 ba\u015faran Fasl\u0131 forvet Fawzi Abdelghani&#x27;ye aitti.<\/p>\n<p>MARCA: &quot;EN-NESYRI, BENZEMAYI UNUTTURDU!&quot;<\/p>\n<p>28 ya\u015f\u0131ndaki futbolcunun Al-Gharafa kar\u015f\u0131s\u0131nda sergiledi\u011fi performans, \u0130spanyol bas\u0131n\u0131nda da g\u00fcndem oldu.<\/p>\n<p>Marca gazetesindeki haberde; Youssef En-Nesyri&#8230;<\/p>\n","protected":false},"excerpt":{"rendered":"<p>Al-Ittihad&#8217;\u0131n d\u00fcn ak\u015fam 7-0 kazand\u0131\u011f\u0131 Asya \u015eampiyonlar Ligi ma\u00e7\u0131na 1 gol &#8211; 1 asistle damgas\u0131n\u0131 vuran ve 14 y\u0131ll\u0131k rekoru k\u0131rmay\u0131 ba\u015faran Youssef&#8230;<\/p>\n","protected":false},"author":2,"featured_media":1161,"comment_status":"open","ping_status":"open","sticky":false,"template":"","format":"standard","meta":{"footnotes":""},"categories":[8,5,7],"tags":[],"class_list":["post-1162","post","type-post","status-publish","format-standard","has-post-thumbnail","hentry","category-arsiv","category-son-dakika","category-spor"],"_links":{"self":[{"href":"https:\/\/eskigazeteci.com\/index.php?rest_route=\/wp\/v2\/posts\/1162","targetHints":{"allow":["GET"]}}],"collection":[{"href":"https:\/\/eskigazeteci.com\/index.php?rest_route=\/wp\/v2\/posts"}],"about":[{"href":"https:\/\/eskigazeteci.com\/index.php?rest_route=\/wp\/v2\/types\/post"}],"author":[{"embeddable":true,"href":"https:\/\/eskigazeteci.com\/index.php?rest_route=\/wp\/v2\/users\/2"}],"replies":[{"embeddable":true,"href":"https:\/\/eskigazeteci.com\/index.php?rest_route=%2Fwp%2Fv2%2Fcomments&post=1162"}],"version-history":[{"count":0,"href":"https:\/\/eskigazeteci.com\/index.php?rest_route=\/wp\/v2\/posts\/1162\/revisions"}],"wp:featuredmedia":[{"embeddable":true,"href":"https:\/\/eskigazeteci.com\/index.php?rest_route=\/wp\/v2\/media\/1161"}],"wp:attachment":[{"href":"https:\/\/eskigazeteci.com\/index.php?rest_route=%2Fwp%2Fv2%2Fmedia&parent=1162"}],"wp:term":[{"taxonomy":"category","embeddable":true,"href":"https:\/\/eskigazeteci.com\/index.php?rest_route=%2Fwp%2Fv2%2Fcategories&post=1162"},{"taxonomy":"post_tag","embeddable":true,"href":"https:\/\/eskigazeteci.com\/index.php?rest_route=%2Fwp%2Fv2%2Ftags&post=1162"}],"curies":[{"name":"wp","href":"https:\/\/api.w.org\/{rel}","templated":true}]}}