{"id":1160,"date":"2026-02-11T08:16:50","date_gmt":"2026-02-11T08:16:50","guid":{"rendered":"https:\/\/eskigazeteci.com\/?p=1160"},"modified":"2026-02-11T08:16:50","modified_gmt":"2026-02-11T08:16:50","slug":"abdnin-gazze-planinda-hamas-detayi-iddiasi","status":"publish","type":"post","link":"https:\/\/eskigazeteci.com\/?p=1160","title":{"rendered":"ABD&#8217;nin Gazze plan\u0131nda Hamas detay\u0131 iddias\u0131"},"content":{"rendered":"<p>New York Times gazetesinin yetkililer ile ABD Ba\u015fkan\u0131 Donald Trump&#x27;\u0131n Gazze plan\u0131na a\u015fina ve ismi payla\u015f\u0131lmayan ki\u015filere dayand\u0131rd\u0131\u011f\u0131 haberinde, ABD&#x27;nin, Hamas&#x27;a &quot;elindeki silahlar&quot; i\u00e7in teklifte bulunaca\u011f\u0131 belirtildi.<\/p>\n<p>Gazze plan\u0131 tasla\u011f\u0131na g\u00f6re, Hamas&#x27;tan &quot;\u0130srail&#x27;i vurabilecek t\u00fcm silahlar\u0131 teslim etmesinin&quot; istenece\u011fi, ba\u015flang\u0131\u00e7ta ise Hamas&#x27;\u0131n &quot;baz\u0131 k\u00fc\u00e7\u00fck silahlar\u0131 elinde tutmas\u0131na&quot; izin verilece\u011fi aktar\u0131lan haberde, ayr\u0131nt\u0131lar\u0131n de\u011fi\u015febilece\u011fi ve farkl\u0131 taslaklar\u0131n ortaya \u00e7\u0131kabilece\u011fi ileri s\u00fcr\u00fcld\u00fc.<\/p>\n<p>Son halinin nihayete ermesi halinde plan\u0131n, &quot;Hamas&#x27;\u0131n askerden ar\u0131nd\u0131r\u0131lmas\u0131na y\u00f6nelik \u00f6nemli bir \u00e7abay\u0131 temsil edece\u011fi&quot; belirtilen haberde, &quot;Hamas&#x27;\u0131n silahlar\u0131n\u0131n \u00e7o\u011funu b\u0131rakmas\u0131 halinde bu durum, Hamas&#x27;\u0131n iktidar \u00fczerindeki tekelini azaltma y\u00f6n\u00fcnde bir at\u0131l\u0131m olacak.&quot; ifadesine yer verildi.<\/p>\n<p>Taslak plan\u0131n &quot;tamamlanmas\u0131 aylar veya daha uzun s\u00fcrebilecek a\u015famal\u0131 bir silahs\u0131zlanmay\u0131 \u00f6ng\u00f6rd\u00fc\u011f\u00fcn\u00fc&quot; aktar\u0131lan haberde, Gazze Bar\u0131\u015f Kurulu Y\u00fcksek Temsilcisi Nickolay Mladenov dahil yetkili ekibin, plan\u0131n son halini birka\u00e7 hafta i\u00e7inde Hamas ile payla\u015fmay\u0131 planlad\u0131\u011f\u0131 ifade edildi.<\/p>\n<p>&#x27;\u0130K\u0130 GAZZE \u0130LE KAR\u015eI KAR\u015eIYA KALAB\u0130L\u0130R\u0130Z&#x27;<\/p>\n<p>ABD merkezli d\u00fc\u015f\u00fcnce kurulu\u015fu RAND Corporation&#x27;dan \u0130srail uzman\u0131&#8230;<\/p>\n","protected":false},"excerpt":{"rendered":"<p>ABD&#8217;nin haz\u0131rlad\u0131\u011f\u0131 Gazze plan\u0131 tasla\u011f\u0131na g\u00f6re, ba\u015flang\u0131\u00e7ta Hamas&#8217;\u0131n baz\u0131 k\u00fc\u00e7\u00fck silahlar\u0131 elinde tutmas\u0131na izin verilece\u011fi ve Hamas&#8217;tan \u0130srail&#8217;i vurabilecek&#8230;<\/p>\n","protected":false},"author":2,"featured_media":1159,"comment_status":"open","ping_status":"open","sticky":false,"template":"","format":"standard","meta":{"footnotes":""},"categories":[8,6,5],"tags":[],"class_list":["post-1160","post","type-post","status-publish","format-standard","has-post-thumbnail","hentry","category-arsiv","category-gundem","category-son-dakika"],"_links":{"self":[{"href":"https:\/\/eskigazeteci.com\/index.php?rest_route=\/wp\/v2\/posts\/1160","targetHints":{"allow":["GET"]}}],"collection":[{"href":"https:\/\/eskigazeteci.com\/index.php?rest_route=\/wp\/v2\/posts"}],"about":[{"href":"https:\/\/eskigazeteci.com\/index.php?rest_route=\/wp\/v2\/types\/post"}],"author":[{"embeddable":true,"href":"https:\/\/eskigazeteci.com\/index.php?rest_route=\/wp\/v2\/users\/2"}],"replies":[{"embeddable":true,"href":"https:\/\/eskigazeteci.com\/index.php?rest_route=%2Fwp%2Fv2%2Fcomments&post=1160"}],"version-history":[{"count":0,"href":"https:\/\/eskigazeteci.com\/index.php?rest_route=\/wp\/v2\/posts\/1160\/revisions"}],"wp:featuredmedia":[{"embeddable":true,"href":"https:\/\/eskigazeteci.com\/index.php?rest_route=\/wp\/v2\/media\/1159"}],"wp:attachment":[{"href":"https:\/\/eskigazeteci.com\/index.php?rest_route=%2Fwp%2Fv2%2Fmedia&parent=1160"}],"wp:term":[{"taxonomy":"category","embeddable":true,"href":"https:\/\/eskigazeteci.com\/index.php?rest_route=%2Fwp%2Fv2%2Fcategories&post=1160"},{"taxonomy":"post_tag","embeddable":true,"href":"https:\/\/eskigazeteci.com\/index.php?rest_route=%2Fwp%2Fv2%2Ftags&post=1160"}],"curies":[{"name":"wp","href":"https:\/\/api.w.org\/{rel}","templated":true}]}}