{"id":116,"date":"2026-02-09T09:23:35","date_gmt":"2026-02-09T09:23:35","guid":{"rendered":"https:\/\/eskigazeteci.com\/?p=116"},"modified":"2026-02-09T09:23:35","modified_gmt":"2026-02-09T09:23:35","slug":"haber-33","status":"publish","type":"post","link":"https:\/\/eskigazeteci.com\/?p=116","title":{"rendered":"Haber"},"content":{"rendered":"<p>Olay, Atakum il\u00e7esi Mimarsinan Mahallesi\u2018nde gece saat 04.00 s\u0131ralar\u0131nda meydana geldi. Edinilen bilgiye g\u00f6re, M.\u00d6.(24) telefonla y\u00fcksek sesle konu\u015ftu\u011fu gerek\u00e7esiyle kom\u015fular rahats\u0131z olur diye ye\u011feni \u0130.\u015e. (20) taraf\u0131ndan uyar\u0131ld\u0131. Ye\u011fen day\u0131 aras\u0131nda tart\u0131\u015fma kavgaya d\u00f6n\u00fc\u015ft\u00fc. Darbedilen \u0130.\u015e. burnundan yaraland\u0131.<\/p>\n<p>Kavga s\u0131ras\u0131nda araya giren \u0130.\u015e.\u2019nin annesi D.B. de (38) karde\u015fi M.\u00d6. taraf\u0131ndan sol kolundan b\u0131\u00e7akla yaraland\u0131. Ablas\u0131n\u0131n \u00e7ok kan kaybetti\u011fini g\u00f6ren M.\u00d6., ikinci kat\u0131n balkonundan kendini a\u015fa\u011f\u0131 att\u0131.<\/p>\n<p>\u0130hbar \u00fczerine olay yerine polis ve sa\u011fl\u0131k ekipleri sevk edildi. M.\u00d6., ambulansla Samsun Ondokuz May\u0131s \u00dcniversitesi (OM\u00dc) T\u0131p Fak\u00fcltesi Hastanesine, ye\u011fen ve abla D.B. ise \u00f6zel bir hastaneye kald\u0131r\u0131larak tedavi alt\u0131na al\u0131nd\u0131. Polis olay yerinde incelemelerde bulundu. Soru\u015fturma devam ediyor.<\/p>\n<p>T\u00fcrkiye g\u00fcndeminden son dakika haberleri, bug\u00fcn ya\u015fanan en son geli\u015fmeler, siyaset g\u00fcndeminden g\u00fcncel haberler ve b\u00fct\u00fcn son dakika haberleri i\u00e7in H\u00fcrriyet&#x27;in internet haber sitesi hurriyet.com.tr; Hurriyet.com.tr haber i\u00e7erikleri kaynak g\u00f6sterilmeden al\u0131nt\u0131 yap\u0131lamaz, Kanuna ayk\u0131r\u0131 ve izinsiz olarak kopyalanamaz, ba\u015fka yerde yay\u0131nlanamaz.<\/p>\n","protected":false},"excerpt":{"rendered":"<p>Samsun&#8217;un Atakum il\u00e7esinde gece y\u00fcksek sesle telefonla konu\u015fma meselesi y\u00fcz\u00fcnden day\u0131-ye\u011fen aras\u0131nda \u00e7\u0131kan kavgada ye\u011feni darp sonucu burnundan yaralay\u0131p&#8230;<\/p>\n","protected":false},"author":2,"featured_media":115,"comment_status":"open","ping_status":"open","sticky":false,"template":"","format":"standard","meta":{"footnotes":""},"categories":[8,3],"tags":[],"class_list":["post-116","post","type-post","status-publish","format-standard","has-post-thumbnail","hentry","category-arsiv","category-siyaset"],"_links":{"self":[{"href":"https:\/\/eskigazeteci.com\/index.php?rest_route=\/wp\/v2\/posts\/116","targetHints":{"allow":["GET"]}}],"collection":[{"href":"https:\/\/eskigazeteci.com\/index.php?rest_route=\/wp\/v2\/posts"}],"about":[{"href":"https:\/\/eskigazeteci.com\/index.php?rest_route=\/wp\/v2\/types\/post"}],"author":[{"embeddable":true,"href":"https:\/\/eskigazeteci.com\/index.php?rest_route=\/wp\/v2\/users\/2"}],"replies":[{"embeddable":true,"href":"https:\/\/eskigazeteci.com\/index.php?rest_route=%2Fwp%2Fv2%2Fcomments&post=116"}],"version-history":[{"count":0,"href":"https:\/\/eskigazeteci.com\/index.php?rest_route=\/wp\/v2\/posts\/116\/revisions"}],"wp:featuredmedia":[{"embeddable":true,"href":"https:\/\/eskigazeteci.com\/index.php?rest_route=\/wp\/v2\/media\/115"}],"wp:attachment":[{"href":"https:\/\/eskigazeteci.com\/index.php?rest_route=%2Fwp%2Fv2%2Fmedia&parent=116"}],"wp:term":[{"taxonomy":"category","embeddable":true,"href":"https:\/\/eskigazeteci.com\/index.php?rest_route=%2Fwp%2Fv2%2Fcategories&post=116"},{"taxonomy":"post_tag","embeddable":true,"href":"https:\/\/eskigazeteci.com\/index.php?rest_route=%2Fwp%2Fv2%2Ftags&post=116"}],"curies":[{"name":"wp","href":"https:\/\/api.w.org\/{rel}","templated":true}]}}