{"id":1158,"date":"2026-02-11T08:15:17","date_gmt":"2026-02-11T08:15:17","guid":{"rendered":"https:\/\/eskigazeteci.com\/?p=1158"},"modified":"2026-02-11T08:15:17","modified_gmt":"2026-02-11T08:15:17","slug":"epstein-dosyasindaki-buyuk-kor-nokta-neden-ciftlik-hic-aranmadi-fbi-yorum-yapamiyoruz","status":"publish","type":"post","link":"https:\/\/eskigazeteci.com\/?p=1158","title":{"rendered":"Epstein dosyas\u0131ndaki b\u00fcy\u00fck k\u00f6r nokta! Neden \u00e7iftlik hi\u00e7 aranmad\u0131? FBI: &#8216;Yorum yapam\u0131yoruz&#8217;"},"content":{"rendered":"<p>Cinsel istismar ve insan ka\u00e7ak\u00e7\u0131l\u0131\u011f\u0131 su\u00e7lamalar\u0131yla an\u0131lan Jeffrey Epstein\u2019\u0131n, New Mexico eyaletinde Santa Fe kenti yak\u0131nlar\u0131nda bulunan ve \u201cZorro \u00c7iftli\u011fi\u201d olarak bilinen geni\u015f arazisi, y\u0131llar boyunca \u00e7ok say\u0131da istismar\u0131n ya\u015fand\u0131\u011f\u0131 iddialar\u0131na ra\u011fmen federal yetkililer taraf\u0131ndan hi\u00e7 aranmad\u0131. Yakla\u015f\u0131k 10 bin d\u00f6n\u00fcml\u00fck arazi \u00fczerinde kurulu olan Zorro \u00c7iftli\u011fi; 26 bin 700 metrekarelik bir malik\u00e2ne, \u00f6zel pist, hangar, ah\u0131rlar ve hayvanc\u0131l\u0131k alanlar\u0131n\u0131 i\u00e7eriyordu. Kakt\u00fcslerle \u00e7evrili bu izole m\u00fclk, Epstein\u2019\u0131n uzun y\u0131llar boyunca g\u00f6zlerden uzak bir inziva alan\u0131 olarak kulland\u0131\u011f\u0131 yerlerden biri oldu. \u2018CEZASIZLIK ORTAMI\u2019 \u0130DD\u0130ALARI Mahkeme kay\u0131tlar\u0131 ve ma\u011fdur ifadelerine g\u00f6re, Epstein bu \u00e7iftlikte y\u0131llar boyunca gen\u00e7 k\u0131zlara ve kad\u0131nlara sistematik bi\u00e7imde cinsel istismarda bulundu. Hayatta kalanlar, New Mexico\u2019daki bu \u0131ss\u0131z arazide ya\u015fananlar\u0131 \u201ccezas\u0131zl\u0131k ortam\u0131nda ger\u00e7ekle\u015fen deh\u015fet verici olaylar\u201d olarak tan\u0131mlad\u0131. Yetkililer, Epstein\u2019\u0131n New York\u2019taki \u015fehir evi, Karayipler\u2019deki \u00f6zel adas\u0131, Palm Beach\u2019teki malikanesi ve Paris\u2019teki dairesi dahil bir\u00e7ok m\u00fclk\u00fcnde arama yap\u0131ld\u0131\u011f\u0131n\u0131 do\u011frularken, Zorro \u00c7iftli\u011fi\u2019nde federal bir arama yap\u0131ld\u0131\u011f\u0131na dair herhangi bir kay\u0131t bulunmad\u0131\u011f\u0131n\u0131&#8230;<\/p>\n","protected":false},"excerpt":{"rendered":"<p>\u0130stismar ve insan ka\u00e7ak\u00e7\u0131l\u0131\u011f\u0131 su\u00e7lamalar\u0131n\u0131n merkezindeki Jeffrey Epstein\u2019\u0131n New Mexico\u2019daki &#8216;Zorro \u00c7iftli\u011fi&#8217;ne dair \u00e7arp\u0131c\u0131 bir detay ortaya \u00e7\u0131kt\u0131. Onca&#8230;<\/p>\n","protected":false},"author":2,"featured_media":1157,"comment_status":"open","ping_status":"open","sticky":false,"template":"","format":"standard","meta":{"footnotes":""},"categories":[8,6,5],"tags":[],"class_list":["post-1158","post","type-post","status-publish","format-standard","has-post-thumbnail","hentry","category-arsiv","category-gundem","category-son-dakika"],"_links":{"self":[{"href":"https:\/\/eskigazeteci.com\/index.php?rest_route=\/wp\/v2\/posts\/1158","targetHints":{"allow":["GET"]}}],"collection":[{"href":"https:\/\/eskigazeteci.com\/index.php?rest_route=\/wp\/v2\/posts"}],"about":[{"href":"https:\/\/eskigazeteci.com\/index.php?rest_route=\/wp\/v2\/types\/post"}],"author":[{"embeddable":true,"href":"https:\/\/eskigazeteci.com\/index.php?rest_route=\/wp\/v2\/users\/2"}],"replies":[{"embeddable":true,"href":"https:\/\/eskigazeteci.com\/index.php?rest_route=%2Fwp%2Fv2%2Fcomments&post=1158"}],"version-history":[{"count":0,"href":"https:\/\/eskigazeteci.com\/index.php?rest_route=\/wp\/v2\/posts\/1158\/revisions"}],"wp:featuredmedia":[{"embeddable":true,"href":"https:\/\/eskigazeteci.com\/index.php?rest_route=\/wp\/v2\/media\/1157"}],"wp:attachment":[{"href":"https:\/\/eskigazeteci.com\/index.php?rest_route=%2Fwp%2Fv2%2Fmedia&parent=1158"}],"wp:term":[{"taxonomy":"category","embeddable":true,"href":"https:\/\/eskigazeteci.com\/index.php?rest_route=%2Fwp%2Fv2%2Fcategories&post=1158"},{"taxonomy":"post_tag","embeddable":true,"href":"https:\/\/eskigazeteci.com\/index.php?rest_route=%2Fwp%2Fv2%2Ftags&post=1158"}],"curies":[{"name":"wp","href":"https:\/\/api.w.org\/{rel}","templated":true}]}}