{"id":1154,"date":"2026-02-11T08:12:13","date_gmt":"2026-02-11T08:12:13","guid":{"rendered":"https:\/\/eskigazeteci.com\/?p=1154"},"modified":"2026-02-11T08:12:13","modified_gmt":"2026-02-11T08:12:13","slug":"aile-serefini-kurtarmak-ona-dustu-ulkeyi-terk-etti-yine-kacamadi-artik-delirmek-uzereyim","status":"publish","type":"post","link":"https:\/\/eskigazeteci.com\/?p=1154","title":{"rendered":"Aile \u015ferefini kurtarmak ona d\u00fc\u015ft\u00fc&#8230; \u00dclkeyi terk etti, yine ka\u00e7amad\u0131: Art\u0131k delirmek \u00fczereyim!"},"content":{"rendered":"<p>B\u00f6yle bir durumda da belli bir noktadan sonra insan kim olursa olsun isyan etmeye ba\u015fl\u0131yor. \u00dcstelik bunu yapmamas\u0131 gerekti\u011fini bildi\u011fi halde.<\/p>\n<p>T\u0131pk\u0131 Norve\u00e7 kraliyet ailesinin gen\u00e7 ku\u015fa\u011f\u0131n\u0131n en g\u00f6zde \u00fcyesi, gelece\u011fin krali\u00e7esi Ingrid Alexandra&#x27;ya oldu\u011fu gibi.<\/p>\n<p>A\u0130LE \u015eEREF\u0130 U\u011eRUNA ONU V\u0130TR\u0130NE \u00c7IKARDILAR Hen\u00fcz 22 ya\u015f\u0131nda olan ve \u00fcniversite e\u011fitimini \u00fclkesinden \u00e7ok uzakta, Avustralya Sidney&#x27;de s\u00fcrd\u00fcren Ingrid Alexandra, son zamanlarda ailesinden ard\u0131 ard\u0131na gelen skandal haberlerinden sonra \u00f6n plana \u00e7\u0131kar\u0131lmaya ba\u015flad\u0131.<\/p>\n<p>Okul tatil oldu\u011fu s\u0131rada Norve\u00e7&#x27;e d\u00f6nd\u00fc ve baz\u0131 solo etkinliklere kat\u0131ld\u0131. B\u00fct\u00fcn bunlar\u0131n nedeni de gen\u00e7 prensese y\u00fcklenen &quot;aile \u015ferefini kurtarma&quot; g\u00f6reviydi.<\/p>\n<p>Onun gen\u00e7li\u011fi, g\u00fczelli\u011fi ve pop\u00fclerli\u011fi sayesinde ailesinde ya\u015fanan skandallar biraz da olsa unutulacakt\u0131.<\/p>\n<p>Ama belli ki bu durum daha gen\u00e7li\u011finin bahar\u0131nda olan Ingrid Alexandra&#x27;ya a\u011f\u0131r geldi. \u00c7\u00fcnk\u00fc sadece 800 takip\u00e7isi olan sosyal medya sayfas\u0131ndan kafa kar\u0131\u015ft\u0131ran bir payla\u015f\u0131m yapt\u0131.<\/p>\n<p>&#x27;NE ZAMAN YETECEK? DEL\u0130RMEK \u00dcZEREY\u0130M&#x27; Ingrid Alexandra&#x27;n\u0131n kendisine ve ailesine uygulanan ki\u015fisel sald\u0131r\u0131lara g\u00f6nderme yapt\u0131\u011f\u0131 bu payla\u015f\u0131m\u0131 annesi Prenses Mette Marit&#x27;in ad\u0131n\u0131n Jeffrey Epstein dosyas\u0131nda defalarca ad\u0131n\u0131n&#8230;<\/p>\n","protected":false},"excerpt":{"rendered":"<p>Bir insan\u0131n varl\u0131kl\u0131 ve n\u00fcfuzlu bir ailede d\u00fcnyaya gelmesi \u00f6yle her zaman \u00f6zenilecek bir durum olmuyor&#8230; \u00c7\u00fcnk\u00fc b\u00f6yle bir ailenin i\u00e7ine do\u011fan insan\u0131n&#8230;<\/p>\n","protected":false},"author":2,"featured_media":1153,"comment_status":"open","ping_status":"open","sticky":false,"template":"","format":"standard","meta":{"footnotes":""},"categories":[8,6,5],"tags":[],"class_list":["post-1154","post","type-post","status-publish","format-standard","has-post-thumbnail","hentry","category-arsiv","category-gundem","category-son-dakika"],"_links":{"self":[{"href":"https:\/\/eskigazeteci.com\/index.php?rest_route=\/wp\/v2\/posts\/1154","targetHints":{"allow":["GET"]}}],"collection":[{"href":"https:\/\/eskigazeteci.com\/index.php?rest_route=\/wp\/v2\/posts"}],"about":[{"href":"https:\/\/eskigazeteci.com\/index.php?rest_route=\/wp\/v2\/types\/post"}],"author":[{"embeddable":true,"href":"https:\/\/eskigazeteci.com\/index.php?rest_route=\/wp\/v2\/users\/2"}],"replies":[{"embeddable":true,"href":"https:\/\/eskigazeteci.com\/index.php?rest_route=%2Fwp%2Fv2%2Fcomments&post=1154"}],"version-history":[{"count":0,"href":"https:\/\/eskigazeteci.com\/index.php?rest_route=\/wp\/v2\/posts\/1154\/revisions"}],"wp:featuredmedia":[{"embeddable":true,"href":"https:\/\/eskigazeteci.com\/index.php?rest_route=\/wp\/v2\/media\/1153"}],"wp:attachment":[{"href":"https:\/\/eskigazeteci.com\/index.php?rest_route=%2Fwp%2Fv2%2Fmedia&parent=1154"}],"wp:term":[{"taxonomy":"category","embeddable":true,"href":"https:\/\/eskigazeteci.com\/index.php?rest_route=%2Fwp%2Fv2%2Fcategories&post=1154"},{"taxonomy":"post_tag","embeddable":true,"href":"https:\/\/eskigazeteci.com\/index.php?rest_route=%2Fwp%2Fv2%2Ftags&post=1154"}],"curies":[{"name":"wp","href":"https:\/\/api.w.org\/{rel}","templated":true}]}}