{"id":1152,"date":"2026-02-11T08:03:37","date_gmt":"2026-02-11T08:03:37","guid":{"rendered":"https:\/\/eskigazeteci.com\/?p=1152"},"modified":"2026-02-11T08:03:37","modified_gmt":"2026-02-11T08:03:37","slug":"emine-erdogan-ile-uluslararasi-bilimde-kadin-ve-kiz-cocuklari-gunu-talk","status":"publish","type":"post","link":"https:\/\/eskigazeteci.com\/?p=1152","title":{"rendered":"Emine Erdo\u011fan ile &#8216;Uluslararas\u0131 Bilimde Kad\u0131n ve K\u0131z \u00c7ocuklar\u0131 G\u00fcn\u00fc&#8217; Talk"},"content":{"rendered":"<p>Cumhurba\u015fkan\u0131 Recep Tayyip Erdo\u011fan&#x27;\u0131n e\u015fi Emine Erdo\u011fan, &#x27;11 \u015eubat Uluslararas\u0131 Bilimde Kad\u0131n ve K\u0131z \u00c7ocuklar\u0131 G\u00fcn\u00fc&#x27; nedeniyle sanal medya hesab\u0131ndan konu\u015fmaya haz\u0131rland\u0131. Bu konu\u015fmada kad\u0131n ve k\u0131z \u00e7ocuklar\u0131 i\u00e7in b\u00fcy\u00fck \u00f6nem ta\u015f\u0131\u76b1\u3044 bilimsel ara\u015ft\u0131rmalar\u0131n \u00f6n\u00fcndeki \u00f6nemli bir ad\u0131m oldu\u011funu belirtiyor. G\u00fcvenlik, sa\u011fl\u0131k ve k\u00fclt\u00fcr alan\u0131nda da kad\u0131nlar ve k\u0131z \u00e7ocuklar\u0131n \u00f6nemli bir rol oynuyor olup, bu t\u00fcr giderici bilim konular\u0131nda de kesinlikle ilham kayna\u011f\u0131 oluyor.<\/p>\n","protected":false},"excerpt":{"rendered":"<p>Recep Tayyip Erdo\u011fan&#8217;e\u7684\u59bb\u5b50 Emine Erdo\u011fan, 11 \u015eubat Uluslararas\u0131 Bilimde Kad\u0131n ve K\u0131z \u00c7ocuklar\u0131 G\u00fcn\u00fc&#8217;n\u00fcn nedeniyle sanal medya hesab\u0131ndan&#8230;<\/p>\n","protected":false},"author":2,"featured_media":1151,"comment_status":"open","ping_status":"open","sticky":false,"template":"","format":"standard","meta":{"footnotes":""},"categories":[8,6,5],"tags":[],"class_list":["post-1152","post","type-post","status-publish","format-standard","has-post-thumbnail","hentry","category-arsiv","category-gundem","category-son-dakika"],"_links":{"self":[{"href":"https:\/\/eskigazeteci.com\/index.php?rest_route=\/wp\/v2\/posts\/1152","targetHints":{"allow":["GET"]}}],"collection":[{"href":"https:\/\/eskigazeteci.com\/index.php?rest_route=\/wp\/v2\/posts"}],"about":[{"href":"https:\/\/eskigazeteci.com\/index.php?rest_route=\/wp\/v2\/types\/post"}],"author":[{"embeddable":true,"href":"https:\/\/eskigazeteci.com\/index.php?rest_route=\/wp\/v2\/users\/2"}],"replies":[{"embeddable":true,"href":"https:\/\/eskigazeteci.com\/index.php?rest_route=%2Fwp%2Fv2%2Fcomments&post=1152"}],"version-history":[{"count":0,"href":"https:\/\/eskigazeteci.com\/index.php?rest_route=\/wp\/v2\/posts\/1152\/revisions"}],"wp:featuredmedia":[{"embeddable":true,"href":"https:\/\/eskigazeteci.com\/index.php?rest_route=\/wp\/v2\/media\/1151"}],"wp:attachment":[{"href":"https:\/\/eskigazeteci.com\/index.php?rest_route=%2Fwp%2Fv2%2Fmedia&parent=1152"}],"wp:term":[{"taxonomy":"category","embeddable":true,"href":"https:\/\/eskigazeteci.com\/index.php?rest_route=%2Fwp%2Fv2%2Fcategories&post=1152"},{"taxonomy":"post_tag","embeddable":true,"href":"https:\/\/eskigazeteci.com\/index.php?rest_route=%2Fwp%2Fv2%2Ftags&post=1152"}],"curies":[{"name":"wp","href":"https:\/\/api.w.org\/{rel}","templated":true}]}}