{"id":1150,"date":"2026-02-11T08:02:12","date_gmt":"2026-02-11T08:02:12","guid":{"rendered":"https:\/\/eskigazeteci.com\/?p=1150"},"modified":"2026-02-11T08:02:12","modified_gmt":"2026-02-11T08:02:12","slug":"abd-tarim-disi-istihdam-verisi-ne-zaman-saat-kacta-aciklanacak-kuresel-piyasalar-kritik-verilere-odaklandi","status":"publish","type":"post","link":"https:\/\/eskigazeteci.com\/?p=1150","title":{"rendered":"ABD tar\u0131m d\u0131\u015f\u0131 istihdam verisi ne zaman, saat ka\u00e7ta a\u00e7\u0131klanacak? K\u00fcresel piyasalar kritik verilere odakland\u0131"},"content":{"rendered":"<p>ABD tar\u0131m d\u0131\u015f\u0131 istihdam verileri, yat\u0131r\u0131mc\u0131lar\u0131n g\u00fcndeminde bulunuyor. Analistler, s\u00f6z konusu veride istihdam piyasas\u0131n\u0131n durumuna ili\u015fkin sinyaller aranaca\u011f\u0131n\u0131 kaydederek, verinin a\u00e7\u0131klanmas\u0131yla birlikte piyasalarda oynakl\u0131\u011f\u0131n artmas\u0131n\u0131n olas\u0131 oldu\u011funu bildirdi. Di\u011fer taraftan tar\u0131m d\u0131\u015f\u0131 istihdam verileri de faiz karar\u0131 beklentilerinin seyri a\u00e7\u0131s\u0131ndan kritik \u00f6neme sahip. Peki ABD Ocak ay\u0131 tar\u0131m d\u0131\u015f\u0131 istihdam verisi ne kadar, y\u00fczde ka\u00e7 oldu?<\/p>\n<p>ABD, Ocak ay\u0131 tar\u0131m d\u0131\u015f\u0131 istihdam raporu bug\u00fcn (11 \u015eubat 2026 \u00c7ar\u015famba) saat 16.30 a\u00e7\u0131klanacak. ABD&#x27;de normal veri takvimine g\u00f6re ge\u00e7en hafta a\u00e7\u0131klanmas\u0131 gereken ancak h\u00fck\u00fcmetin k\u0131sa s\u00fcreli k\u0131smi kapanma ya\u015famas\u0131 nedeniyle aksayarak bug\u00fcne ertelenen tar\u0131m d\u0131\u015f\u0131 istihdam verisi yat\u0131r\u0131mc\u0131lar\u0131n oda\u011f\u0131na yerle\u015fti.<\/p>\n<p>ABD, Ocak ay\u0131 tar\u0131m d\u0131\u015f\u0131 istihdam raporu bug\u00fcn (11 \u015eubat 2026 \u00c7ar\u015famba) saat 16.30 a\u00e7\u0131klanacak.<\/p>\n<p>ABD&#x27;de normal veri takvimine g\u00f6re ge\u00e7en hafta a\u00e7\u0131klanmas\u0131 gereken ancak h\u00fck\u00fcmetin k\u0131sa s\u00fcreli k\u0131smi kapanma ya\u015famas\u0131 nedeniyle aksayarak bug\u00fcne ertelenen tar\u0131m d\u0131\u015f\u0131 istihdam verisi yat\u0131r\u0131mc\u0131lar\u0131n oda\u011f\u0131na yerle\u015fti.<\/p>\n<p>Alt\u0131n ve g\u00fcm\u00fc\u015f fiyatlar\u0131 ABD dolar endeksi ve tahvil faizlerinin etkisiyle g\u00fcne y\u00fckseli\u015fle ba\u015flad\u0131. Bug\u00fcn saat 16:30\u2019da&#8230;<\/p>\n","protected":false},"excerpt":{"rendered":"<p>ABD tar\u0131m d\u0131\u015f\u0131 istihdam verileri k\u00fcresel piyasalar taraf\u0131ndan dikkatle takip ediliyor. A\u00e7\u0131klanacak rakamlar\u0131n piyasalar\u0131n y\u00f6n\u00fc \u00fczerinde etkili olmas\u0131&#8230;<\/p>\n","protected":false},"author":2,"featured_media":1149,"comment_status":"open","ping_status":"open","sticky":false,"template":"","format":"standard","meta":{"footnotes":""},"categories":[8,6,5],"tags":[],"class_list":["post-1150","post","type-post","status-publish","format-standard","has-post-thumbnail","hentry","category-arsiv","category-gundem","category-son-dakika"],"_links":{"self":[{"href":"https:\/\/eskigazeteci.com\/index.php?rest_route=\/wp\/v2\/posts\/1150","targetHints":{"allow":["GET"]}}],"collection":[{"href":"https:\/\/eskigazeteci.com\/index.php?rest_route=\/wp\/v2\/posts"}],"about":[{"href":"https:\/\/eskigazeteci.com\/index.php?rest_route=\/wp\/v2\/types\/post"}],"author":[{"embeddable":true,"href":"https:\/\/eskigazeteci.com\/index.php?rest_route=\/wp\/v2\/users\/2"}],"replies":[{"embeddable":true,"href":"https:\/\/eskigazeteci.com\/index.php?rest_route=%2Fwp%2Fv2%2Fcomments&post=1150"}],"version-history":[{"count":0,"href":"https:\/\/eskigazeteci.com\/index.php?rest_route=\/wp\/v2\/posts\/1150\/revisions"}],"wp:featuredmedia":[{"embeddable":true,"href":"https:\/\/eskigazeteci.com\/index.php?rest_route=\/wp\/v2\/media\/1149"}],"wp:attachment":[{"href":"https:\/\/eskigazeteci.com\/index.php?rest_route=%2Fwp%2Fv2%2Fmedia&parent=1150"}],"wp:term":[{"taxonomy":"category","embeddable":true,"href":"https:\/\/eskigazeteci.com\/index.php?rest_route=%2Fwp%2Fv2%2Fcategories&post=1150"},{"taxonomy":"post_tag","embeddable":true,"href":"https:\/\/eskigazeteci.com\/index.php?rest_route=%2Fwp%2Fv2%2Ftags&post=1150"}],"curies":[{"name":"wp","href":"https:\/\/api.w.org\/{rel}","templated":true}]}}