{"id":1148,"date":"2026-02-11T07:54:53","date_gmt":"2026-02-11T07:54:53","guid":{"rendered":"https:\/\/eskigazeteci.com\/?p=1148"},"modified":"2026-02-11T07:54:53","modified_gmt":"2026-02-11T07:54:53","slug":"istanbul-valiliginden-kaymakamliklara-ramazan-faaliyeti-talimati","status":"publish","type":"post","link":"https:\/\/eskigazeteci.com\/?p=1148","title":{"rendered":"\u0130stanbul Valili\u011fi&#8217;nden kaymakaml\u0131klara &#8216;ramazan faaliyeti&#8217; talimat\u0131"},"content":{"rendered":"<p>Vali Davut G\u00fcl&#x27;\u00fcn imzas\u0131yla 39 il\u00e7e kaymakaml\u0131\u011f\u0131na ramazan ay\u0131na ili\u015fkin yaz\u0131 g\u00f6nderildi.<\/p>\n<p>Yaz\u0131da, \u0130slam aleminde m\u00fcstesna olarak g\u00f6r\u00fclen, olu\u015fturdu\u011fu iklimle t\u00fcm d\u00fcnyay\u0131 ku\u015fatan, \u00f6ks\u00fcz ve yetimlerin, muhta\u00e7 ve kimsesizlerin kollan\u0131p g\u00f6zetildi\u011fi, yard\u0131mla\u015fma ve dayan\u0131\u015fman\u0131n zirveye ula\u015ft\u0131\u011f\u0131, milli ve manevi duygular\u0131n yo\u011fun \u015fekilde tezah\u00fcr etti\u011fi ramazan\u0131n 18 \u015eubat \u00c7ar\u015famba g\u00fcn\u00fc k\u0131l\u0131nacak ilk teravih namaz\u0131yla ba\u015flayaca\u011f\u0131 aktar\u0131ld\u0131.<\/p>\n<p>Ramazan\u0131n manevi iklimine uygun ger\u00e7ekle\u015ftirilecek faaliyetlerle ve programlarla ilgili yaz\u0131da, \u015fu ifadelere yer verildi:<\/p>\n<p>&quot; Ramazan ay\u0131 programlar\u0131nda protokol odakl\u0131 toplu iftar yemekleri gibi faaliyetlerden ziyade \u00f6zellikle dezavantajl\u0131 gruplar olarak tan\u0131mlanabilecek toplumun farkl\u0131 kesimleriyle (dar gelirli, \u00f6ks\u00fcz\/yetim, depremzede ve benzeri) bir araya gelinmesi, sosyal yard\u0131mla\u015fma ve dayan\u0131\u015fma vak\u0131flar\u0131n\u0131n desteklerinin yan\u0131 s\u0131ra kamu ve \u00f6zel sekt\u00f6r imkanlar\u0131n\u0131n da seferber edilerek dar gelirli vatanda\u015flar\u0131m\u0131za yap\u0131lan ayni ve nakdi yard\u0131mlar\u0131n en \u00fcst seviyeye ta\u015f\u0131nmas\u0131, iftar programlar\u0131nda \u00f6nceli\u011fin \u015fehit ailelerimiz ve gazilerimiz ile gazi ailelerimize verilmesi, iftar yemekleri ba\u015fta olmak \u00fczere ramazan ay\u0131 faaliyetlerinde, sosyal&#8230;<\/p>\n","protected":false},"excerpt":{"rendered":"<p>\u0130stanbul Valili\u011fi, ramazan ay\u0131nda kentte ger\u00e7ekle\u015ftirilecek yard\u0131m faaliyetlerinde ve programlarda dar gelirlilere, yetimlere, depremzedelere, \u015fehit&#8230;<\/p>\n","protected":false},"author":2,"featured_media":1147,"comment_status":"open","ping_status":"open","sticky":false,"template":"","format":"standard","meta":{"footnotes":""},"categories":[8,6,5],"tags":[],"class_list":["post-1148","post","type-post","status-publish","format-standard","has-post-thumbnail","hentry","category-arsiv","category-gundem","category-son-dakika"],"_links":{"self":[{"href":"https:\/\/eskigazeteci.com\/index.php?rest_route=\/wp\/v2\/posts\/1148","targetHints":{"allow":["GET"]}}],"collection":[{"href":"https:\/\/eskigazeteci.com\/index.php?rest_route=\/wp\/v2\/posts"}],"about":[{"href":"https:\/\/eskigazeteci.com\/index.php?rest_route=\/wp\/v2\/types\/post"}],"author":[{"embeddable":true,"href":"https:\/\/eskigazeteci.com\/index.php?rest_route=\/wp\/v2\/users\/2"}],"replies":[{"embeddable":true,"href":"https:\/\/eskigazeteci.com\/index.php?rest_route=%2Fwp%2Fv2%2Fcomments&post=1148"}],"version-history":[{"count":0,"href":"https:\/\/eskigazeteci.com\/index.php?rest_route=\/wp\/v2\/posts\/1148\/revisions"}],"wp:featuredmedia":[{"embeddable":true,"href":"https:\/\/eskigazeteci.com\/index.php?rest_route=\/wp\/v2\/media\/1147"}],"wp:attachment":[{"href":"https:\/\/eskigazeteci.com\/index.php?rest_route=%2Fwp%2Fv2%2Fmedia&parent=1148"}],"wp:term":[{"taxonomy":"category","embeddable":true,"href":"https:\/\/eskigazeteci.com\/index.php?rest_route=%2Fwp%2Fv2%2Fcategories&post=1148"},{"taxonomy":"post_tag","embeddable":true,"href":"https:\/\/eskigazeteci.com\/index.php?rest_route=%2Fwp%2Fv2%2Ftags&post=1148"}],"curies":[{"name":"wp","href":"https:\/\/api.w.org\/{rel}","templated":true}]}}