{"id":1142,"date":"2026-02-11T07:45:13","date_gmt":"2026-02-11T07:45:13","guid":{"rendered":"https:\/\/eskigazeteci.com\/?p=1142"},"modified":"2026-02-11T07:45:13","modified_gmt":"2026-02-11T07:45:13","slug":"suudi-arabistani-kuraklik-vurdu-kral-selman-umudunu-yagmur-duasina-bagladi","status":"publish","type":"post","link":"https:\/\/eskigazeteci.com\/?p=1142","title":{"rendered":"Suudi Arabistan&#8217;\u0131 kurakl\u0131k vurdu: Kral Selman umudunu ya\u011fmur duas\u0131na ba\u011flad\u0131"},"content":{"rendered":"<p>Suudi Arabistan resmi ajans\u0131 SPA, Kraliyet Divan\u0131ndan yap\u0131lan a\u00e7\u0131klamay\u0131 yay\u0131mlad\u0131.<\/p>\n<p>Hazreti Muhammed &#x27;in s\u00fcnnetine uyularak yar\u0131n ya\u011fmur duas\u0131na \u00e7\u0131k\u0131lmas\u0131 \u00e7a\u011fr\u0131s\u0131 yap\u0131lan a\u00e7\u0131klamada, &quot;\u00fclkede ya\u015fayan herkesten t\u00f6vbe etmeleri, ki\u015filere nezaketle yakla\u015fmalar\u0131, sadaka vermeleri, nafile ibadetlerini art\u0131rmalar\u0131, farz namazlara \u00f6zen g\u00f6stermeleri ve dualar\u0131nda \u0131srarc\u0131 olmalar\u0131&quot; istendi.<\/p>\n<p>Yurtd\u0131\u015f\u0131nda ya\u015fanan en son olaylar, d\u00fcnya g\u00fcndemine oturan d\u0131\u015f haberler, son dakika d\u00fcnya haberleri, di\u011fer d\u00fcnya \u00fclkelerinden g\u00fcncel haberler i\u00e7in T\u00fcrkiye&#x27;nin haber sitesi hurriyet.com.tr; Hurriyet.com.tr haber i\u00e7erikleri kaynak g\u00f6sterilmeden al\u0131nt\u0131 yap\u0131lamaz, Kanuna ayk\u0131r\u0131 ve izinsiz olarak kopyalanamaz, ba\u015fka yerde yay\u0131nlanamaz.<\/p>\n","protected":false},"excerpt":{"rendered":"<p>Suudi Arabistan Kral\u0131 Selman bin Abdulaziz, son d\u00f6nemde ya\u015fanan kurakl\u0131k nedeniyle \u00fclke genelinde yar\u0131n ya\u011fmur duas\u0131na \u00e7\u0131k\u0131lmas\u0131 \u00e7a\u011fr\u0131s\u0131nda bulundu.<\/p>\n","protected":false},"author":2,"featured_media":1141,"comment_status":"open","ping_status":"open","sticky":false,"template":"","format":"standard","meta":{"footnotes":""},"categories":[8,6,5],"tags":[],"class_list":["post-1142","post","type-post","status-publish","format-standard","has-post-thumbnail","hentry","category-arsiv","category-gundem","category-son-dakika"],"_links":{"self":[{"href":"https:\/\/eskigazeteci.com\/index.php?rest_route=\/wp\/v2\/posts\/1142","targetHints":{"allow":["GET"]}}],"collection":[{"href":"https:\/\/eskigazeteci.com\/index.php?rest_route=\/wp\/v2\/posts"}],"about":[{"href":"https:\/\/eskigazeteci.com\/index.php?rest_route=\/wp\/v2\/types\/post"}],"author":[{"embeddable":true,"href":"https:\/\/eskigazeteci.com\/index.php?rest_route=\/wp\/v2\/users\/2"}],"replies":[{"embeddable":true,"href":"https:\/\/eskigazeteci.com\/index.php?rest_route=%2Fwp%2Fv2%2Fcomments&post=1142"}],"version-history":[{"count":0,"href":"https:\/\/eskigazeteci.com\/index.php?rest_route=\/wp\/v2\/posts\/1142\/revisions"}],"wp:featuredmedia":[{"embeddable":true,"href":"https:\/\/eskigazeteci.com\/index.php?rest_route=\/wp\/v2\/media\/1141"}],"wp:attachment":[{"href":"https:\/\/eskigazeteci.com\/index.php?rest_route=%2Fwp%2Fv2%2Fmedia&parent=1142"}],"wp:term":[{"taxonomy":"category","embeddable":true,"href":"https:\/\/eskigazeteci.com\/index.php?rest_route=%2Fwp%2Fv2%2Fcategories&post=1142"},{"taxonomy":"post_tag","embeddable":true,"href":"https:\/\/eskigazeteci.com\/index.php?rest_route=%2Fwp%2Fv2%2Ftags&post=1142"}],"curies":[{"name":"wp","href":"https:\/\/api.w.org\/{rel}","templated":true}]}}