{"id":1140,"date":"2026-02-11T07:43:41","date_gmt":"2026-02-11T07:43:41","guid":{"rendered":"https:\/\/eskigazeteci.com\/?p=1140"},"modified":"2026-02-11T07:43:41","modified_gmt":"2026-02-11T07:43:41","slug":"tbf-ve-besiktastan-yunanistandaki-irkci-pankarta-kinama-acik-bir-nefret-soylemidir","status":"publish","type":"post","link":"https:\/\/eskigazeteci.com\/?p=1140","title":{"rendered":"TBF ve Be\u015fikta\u015f&#8217;tan Yunanistan&#8217;daki \u0131rk\u00e7\u0131 pankarta k\u0131nama! &#8216;A\u00e7\u0131k bir nefret s\u00f6ylemidir&#8217;"},"content":{"rendered":"<p>EuroCup B Grubu 18. ve son haftas\u0131nda Be\u015fikta\u015f GA\u0130N, Yunanistan temsilcisi Panionios&#x27;u deplasmanda 40 say\u0131 farkla 114-74 ma\u011flup etti.<\/p>\n<p>Ma\u00e7 \u00f6ncesi Yunan taraftarlar, Be\u015fikta\u015f kul\u00fcb\u00fcne ve siyah-beyazl\u0131 taraftarlara k\u00fcf\u00fcr ve hakaret i\u00e7eren ifadelerin yer ald\u0131\u011f\u0131 pankart a\u00e7t\u0131.<\/p>\n<p>TBF &#x27;den s\u00f6z konusu pankartla ilgili yap\u0131lan a\u00e7\u0131klamada \u015fu ifadeler kullan\u0131ld\u0131:<\/p>\n<p>&quot;PROVOKAT\u0130F PANKARTI EN G\u00dc\u00c7L\u00dc \u015eEK\u0130LDE KINIYORUZ&quot;<\/p>\n<p>&quot;Be\u015fikta\u015f GA\u0130N Erkek Basketbol Tak\u0131m\u0131\u2019n\u0131n, BKT EuroCup organizasyonu kapsam\u0131nda Yunanistan\u2019da Panionios Athens ile oynad\u0131\u011f\u0131 kar\u015f\u0131la\u015fmada trib\u00fcnlerde a\u00e7\u0131lan; T\u00fcrk milletini, \u00fclkemizin milli ve manevi de\u011ferlerini hedef alan provokatif pankart\u0131 en g\u00fc\u00e7l\u00fc \u015fekilde k\u0131n\u0131yoruz.<\/p>\n<p>&quot;T\u00dcRK SPORUNU, \u00dcLKEM\u0130Z\u0130N \u0130T\u0130BARINI VE ORTAK \u0130NSAN\u0130 DE\u011eERLER\u0130 HEDEF ALMAKTADIR&quot;<\/p>\n<p>Sporun evrensel de\u011ferlerine, fair-play anlay\u0131\u015f\u0131na ve uluslararas\u0131 m\u00fcsabakalar\u0131n ta\u015f\u0131mas\u0131 gereken sayg\u0131 ortam\u0131na a\u00e7\u0131k\u00e7a ayk\u0131r\u0131 olan bu t\u00fcr eylemler, yaln\u0131zca kul\u00fcplerimizi de\u011fil; T\u00fcrk sporunu, \u00fclkemizin itibar\u0131n\u0131 ve ortak insani de\u011ferleri hedef almaktad\u0131r. Hi\u00e7bir spor organizasyonu; nefret s\u00f6ylemine, ayr\u0131mc\u0131l\u0131\u011fa ve milli de\u011ferlere y\u00f6nelik hakaretlere zemin olu\u015fturamaz.<\/p>\n<p>&quot;GEREKL\u0130 YAPTIRIMLARIN KARARLILIKLA UYGULANMASI GEREKT\u0130\u011e\u0130N\u0130&#8230;<\/p>\n","protected":false},"excerpt":{"rendered":"<p>TBF ile Be\u015fikta\u015f, EuroCup&#8217;ta Yunanistan ekibi Panionios&#8217;a konuk olunan ma\u00e7ta ev sahibi tak\u0131m taraftar\u0131n\u0131n a\u00e7t\u0131\u011f\u0131 k\u00fcf\u00fcr ve hakaret i\u00e7erikli pankart\u0131 k\u0131nad\u0131.<\/p>\n","protected":false},"author":2,"featured_media":1139,"comment_status":"open","ping_status":"open","sticky":false,"template":"","format":"standard","meta":{"footnotes":""},"categories":[8,5,7],"tags":[],"class_list":["post-1140","post","type-post","status-publish","format-standard","has-post-thumbnail","hentry","category-arsiv","category-son-dakika","category-spor"],"_links":{"self":[{"href":"https:\/\/eskigazeteci.com\/index.php?rest_route=\/wp\/v2\/posts\/1140","targetHints":{"allow":["GET"]}}],"collection":[{"href":"https:\/\/eskigazeteci.com\/index.php?rest_route=\/wp\/v2\/posts"}],"about":[{"href":"https:\/\/eskigazeteci.com\/index.php?rest_route=\/wp\/v2\/types\/post"}],"author":[{"embeddable":true,"href":"https:\/\/eskigazeteci.com\/index.php?rest_route=\/wp\/v2\/users\/2"}],"replies":[{"embeddable":true,"href":"https:\/\/eskigazeteci.com\/index.php?rest_route=%2Fwp%2Fv2%2Fcomments&post=1140"}],"version-history":[{"count":0,"href":"https:\/\/eskigazeteci.com\/index.php?rest_route=\/wp\/v2\/posts\/1140\/revisions"}],"wp:featuredmedia":[{"embeddable":true,"href":"https:\/\/eskigazeteci.com\/index.php?rest_route=\/wp\/v2\/media\/1139"}],"wp:attachment":[{"href":"https:\/\/eskigazeteci.com\/index.php?rest_route=%2Fwp%2Fv2%2Fmedia&parent=1140"}],"wp:term":[{"taxonomy":"category","embeddable":true,"href":"https:\/\/eskigazeteci.com\/index.php?rest_route=%2Fwp%2Fv2%2Fcategories&post=1140"},{"taxonomy":"post_tag","embeddable":true,"href":"https:\/\/eskigazeteci.com\/index.php?rest_route=%2Fwp%2Fv2%2Ftags&post=1140"}],"curies":[{"name":"wp","href":"https:\/\/api.w.org\/{rel}","templated":true}]}}