{"id":114,"date":"2026-02-09T09:23:35","date_gmt":"2026-02-09T09:23:35","guid":{"rendered":"https:\/\/eskigazeteci.com\/?p=114"},"modified":"2026-02-09T09:23:35","modified_gmt":"2026-02-09T09:23:35","slug":"haber-32","status":"publish","type":"post","link":"https:\/\/eskigazeteci.com\/?p=114","title":{"rendered":"Haber"},"content":{"rendered":"<p>\u0130stanbul&#x27;da sabah saatlerinde bir\u00e7ok noktada ya\u011fmur ve sis etkili oldu. \u00d6te yandan sis ve haftan\u0131n ilk i\u015f g\u00fcn\u00fc olmas\u0131 nedeniyle de ana arterlerde trafik yo\u011funlu\u011fu olu\u015ftu.<\/p>\n<p>YO\u011eUNLUK Y\u00dcZDE 65&#x27;\u0130 BULDU<\/p>\n<p>\u0130stanbul B\u00fcy\u00fck\u015fehir Belediyesi&#x27;ne ait \u0130BB Trafik uygulamas\u0131na g\u00f6re saat 08.55 itibariyle trafik yo\u011funlu\u011fu y\u00fczde 65&#x27;e ula\u015ft\u0131. Arnavutk\u00f6y ve Ba\u015fak\u015fehir \u00e7evresinde etkili olan sis ve olu\u015fan trafik yo\u011funlu\u011fu ise havadan g\u00f6r\u00fcnt\u00fclendi.<\/p>\n<p>T\u00fcrkiye g\u00fcndeminden son dakika haberleri, bug\u00fcn ya\u015fanan en son geli\u015fmeler, siyaset g\u00fcndeminden g\u00fcncel haberler ve b\u00fct\u00fcn son dakika haberleri i\u00e7in H\u00fcrriyet&#x27;in internet haber sitesi hurriyet.com.tr; Hurriyet.com.tr haber i\u00e7erikleri kaynak g\u00f6sterilmeden al\u0131nt\u0131 yap\u0131lamaz, Kanuna ayk\u0131r\u0131 ve izinsiz olarak kopyalanamaz, ba\u015fka yerde yay\u0131nlanamaz.<\/p>\n","protected":false},"excerpt":{"rendered":"<p>\u0130stanbul&#8217;un baz\u0131 b\u00f6lgelerinde ya\u011fmur ve sis etkili oldu. \u00d6te yandan haftan\u0131n ilk i\u015f g\u00fcn\u00fcnde trafik yo\u011funlu\u011fu saat 08.55 itibariyle y\u00fczde 65&#8217;e ula\u015ft\u0131&#8230;.<\/p>\n","protected":false},"author":2,"featured_media":113,"comment_status":"open","ping_status":"open","sticky":false,"template":"","format":"standard","meta":{"footnotes":""},"categories":[8,3],"tags":[],"class_list":["post-114","post","type-post","status-publish","format-standard","has-post-thumbnail","hentry","category-arsiv","category-siyaset"],"_links":{"self":[{"href":"https:\/\/eskigazeteci.com\/index.php?rest_route=\/wp\/v2\/posts\/114","targetHints":{"allow":["GET"]}}],"collection":[{"href":"https:\/\/eskigazeteci.com\/index.php?rest_route=\/wp\/v2\/posts"}],"about":[{"href":"https:\/\/eskigazeteci.com\/index.php?rest_route=\/wp\/v2\/types\/post"}],"author":[{"embeddable":true,"href":"https:\/\/eskigazeteci.com\/index.php?rest_route=\/wp\/v2\/users\/2"}],"replies":[{"embeddable":true,"href":"https:\/\/eskigazeteci.com\/index.php?rest_route=%2Fwp%2Fv2%2Fcomments&post=114"}],"version-history":[{"count":0,"href":"https:\/\/eskigazeteci.com\/index.php?rest_route=\/wp\/v2\/posts\/114\/revisions"}],"wp:featuredmedia":[{"embeddable":true,"href":"https:\/\/eskigazeteci.com\/index.php?rest_route=\/wp\/v2\/media\/113"}],"wp:attachment":[{"href":"https:\/\/eskigazeteci.com\/index.php?rest_route=%2Fwp%2Fv2%2Fmedia&parent=114"}],"wp:term":[{"taxonomy":"category","embeddable":true,"href":"https:\/\/eskigazeteci.com\/index.php?rest_route=%2Fwp%2Fv2%2Fcategories&post=114"},{"taxonomy":"post_tag","embeddable":true,"href":"https:\/\/eskigazeteci.com\/index.php?rest_route=%2Fwp%2Fv2%2Ftags&post=114"}],"curies":[{"name":"wp","href":"https:\/\/api.w.org\/{rel}","templated":true}]}}