{"id":1136,"date":"2026-02-11T07:39:51","date_gmt":"2026-02-11T07:39:51","guid":{"rendered":"https:\/\/eskigazeteci.com\/?p=1136"},"modified":"2026-02-11T07:39:51","modified_gmt":"2026-02-11T07:39:51","slug":"menajer-ayse-barim-adliyeye-geldi-bugun-karar-cikmasi-bekleniyor","status":"publish","type":"post","link":"https:\/\/eskigazeteci.com\/?p=1136","title":{"rendered":"Menajer Ay\u015fe Bar\u0131m adliyeye geldi: Bug\u00fcn karar \u00e7\u0131kmas\u0131 bekleniyor"},"content":{"rendered":"<p>Taksim\u2019deki Gezi Park\u0131 olaylar\u0131n\u0131n planlay\u0131c\u0131lar\u0131ndan biri oldu\u011fu iddias\u0131yla \u2018T\u00fcrkiye Cumhuriyeti H\u00fck\u00fcmeti\u2019ni ortadan kald\u0131rmaya te\u015febb\u00fcse yard\u0131m\u2019 su\u00e7undan 22 y\u0131l 6 aydan 30 y\u0131la kadar hapis talebiyle tutuklu yarg\u0131lanan menajer Ay\u015fe Bar\u0131m hakk\u0131nda daha \u00f6nce ara karar a\u00e7\u0131klanm\u0131\u015ft\u0131. Mahkeme, Bar\u0131m\u2019\u0131n adli kontrol \u015fart\u0131yla tahliyesine karar vermi\u015f, Bar\u0131m 1 Ekim\u2019de cezaevinden tahliye edilmi\u015fti.<\/p>\n<p>\u0130stanbul Cumhuriyet Ba\u015fsavc\u0131l\u0131\u011f\u0131 3 Ekim\u2019de tahliye karar\u0131na itiraz etti. \u0130stanbul 26. A\u011f\u0131r Ceza Mahkemesi\u2019nin itiraz\u0131 reddetmesi \u00fczerine dosya, bir \u00fcst mahkeme olan \u0130stanbul 27. A\u011f\u0131r Ceza Mahkemesi\u2019ne g\u00f6nderildi. Dosyay\u0131 inceleyen 27. A\u011f\u0131r Ceza Mahkemesi, itiraz\u0131 kabul ederek Bar\u0131m\u2019\u0131n yeniden tutuklanmas\u0131na karar verdi. Karar\u0131n ard\u0131ndan hastaneye kald\u0131r\u0131lan Ay\u015fe Bar\u0131m hakk\u0131nda, 22 Ekim\u2019de Adli T\u0131p Kurumu taraf\u0131ndan mahkemeye sunulmak \u00fczere rapor haz\u0131rland\u0131.<\/p>\n<p>Raporda, tedavisinin hastane \u015fartlar\u0131nda s\u00fcrd\u00fcr\u00fclmesi gerekti\u011fi, cezaevi ko\u015fullar\u0131nda kalmas\u0131n\u0131n uygun olmad\u0131\u011f\u0131 belirtildi. \u0130stanbul 26. A\u011f\u0131r Ceza Mahkemesi ise Ba\u015fsavc\u0131l\u0131\u011f\u0131n itiraz\u0131n\u0131 reddetti. \u00d6te yandan savc\u0131l\u0131k, celse aras\u0131nda esasa ili\u015fkin m\u00fctalaas\u0131n\u0131 mahkemeye sundu. M\u00fctalaada, Bar\u0131m\u2019\u0131n \u2018T\u00fcrkiye Cumhuriyeti H\u00fck\u00fcmetini ortadan&#8230;<\/p>\n","protected":false},"excerpt":{"rendered":"<p>Menajer Ay\u015fe Bar\u0131m&#8217;\u0131n, Gezi Park\u0131 olaylar\u0131nda sanat\u00e7\u0131lar\u0131 eylemlere kat\u0131lmalar\u0131 i\u00e7in y\u00f6nlendirdi\u011fi ve olaylar\u0131n planlay\u0131c\u0131lar\u0131ndan biri oldu\u011fu iddias\u0131yla&#8230;<\/p>\n","protected":false},"author":2,"featured_media":1135,"comment_status":"open","ping_status":"open","sticky":false,"template":"","format":"standard","meta":{"footnotes":""},"categories":[8,6,5],"tags":[],"class_list":["post-1136","post","type-post","status-publish","format-standard","has-post-thumbnail","hentry","category-arsiv","category-gundem","category-son-dakika"],"_links":{"self":[{"href":"https:\/\/eskigazeteci.com\/index.php?rest_route=\/wp\/v2\/posts\/1136","targetHints":{"allow":["GET"]}}],"collection":[{"href":"https:\/\/eskigazeteci.com\/index.php?rest_route=\/wp\/v2\/posts"}],"about":[{"href":"https:\/\/eskigazeteci.com\/index.php?rest_route=\/wp\/v2\/types\/post"}],"author":[{"embeddable":true,"href":"https:\/\/eskigazeteci.com\/index.php?rest_route=\/wp\/v2\/users\/2"}],"replies":[{"embeddable":true,"href":"https:\/\/eskigazeteci.com\/index.php?rest_route=%2Fwp%2Fv2%2Fcomments&post=1136"}],"version-history":[{"count":0,"href":"https:\/\/eskigazeteci.com\/index.php?rest_route=\/wp\/v2\/posts\/1136\/revisions"}],"wp:featuredmedia":[{"embeddable":true,"href":"https:\/\/eskigazeteci.com\/index.php?rest_route=\/wp\/v2\/media\/1135"}],"wp:attachment":[{"href":"https:\/\/eskigazeteci.com\/index.php?rest_route=%2Fwp%2Fv2%2Fmedia&parent=1136"}],"wp:term":[{"taxonomy":"category","embeddable":true,"href":"https:\/\/eskigazeteci.com\/index.php?rest_route=%2Fwp%2Fv2%2Fcategories&post=1136"},{"taxonomy":"post_tag","embeddable":true,"href":"https:\/\/eskigazeteci.com\/index.php?rest_route=%2Fwp%2Fv2%2Ftags&post=1136"}],"curies":[{"name":"wp","href":"https:\/\/api.w.org\/{rel}","templated":true}]}}