{"id":1134,"date":"2026-02-11T07:38:19","date_gmt":"2026-02-11T07:38:19","guid":{"rendered":"https:\/\/eskigazeteci.com\/?p=1134"},"modified":"2026-02-11T07:38:19","modified_gmt":"2026-02-11T07:38:19","slug":"iban-magduru-genc-kiz-gozyaslariyla-hapse-girmisti-babasi-konustu-cezaevinde-bile-ozlem-gibi-magdur-cokmus","status":"publish","type":"post","link":"https:\/\/eskigazeteci.com\/?p=1134","title":{"rendered":"IBAN ma\u011fduru gen\u00e7 k\u0131z g\u00f6zya\u015flar\u0131yla hapse girmi\u015fti, babas\u0131 konu\u015ftu: &#8216;Cezaevinde bile \u00d6zlem gibi ma\u011fdur \u00e7okmu\u015f&#8217;"},"content":{"rendered":"<p>Adana &#x27;da ya\u015fayan 23 ya\u015f\u0131ndaki \u00d6zlem Develi, iddiaya g\u00f6re 2023 y\u0131l\u0131nda dershaneden arkada\u015f\u0131 M.D.&#x27;ye \u00f6zel bir bankadan hesap a\u00e7\u0131p kullanmas\u0131 i\u00e7in verdi. Bu s\u00fcre\u00e7te M.D.&#x27;nin dershaneye gelmemesinden \u015f\u00fcphelenen Develi, 15 g\u00fcn sonra karakoldan \u00e7a\u011fr\u0131larak, hakk\u0131nda doland\u0131r\u0131c\u0131l\u0131ktan i\u015flem yap\u0131l\u0131p dava a\u00e7\u0131ld\u0131.<\/p>\n<p>Gen\u00e7 k\u0131z durumu polis ekiplerine anlat\u0131p M.D. hakk\u0131nda \u015fikayet\u00e7i oldu ve ard\u0131ndan bankadaki hesab\u0131n\u0131 kapatt\u0131rd\u0131. M.D.&#x27;nin hesap kapat\u0131lmadan \u00f6nce sosyal medya platformlar\u0131ndan \u00e7ekili\u015f d\u00fczenleyip kazanan ki\u015filerden para talep etti\u011fi ortaya \u00e7\u0131kt\u0131. Paray\u0131 \u00f6deyen ancak \u00e7ekili\u015ften kazand\u0131\u011f\u0131 \u00fcr\u00fcnleri alamayan ki\u015filer ise IBAN sahibi hakk\u0131nda \u015fikayet\u00e7i oldu. Bunun \u00fczerine \u00d6zlem Develi, ge\u00e7ti\u011fimiz haziran ay\u0131nda cezaevine girdi. Bir s\u00fcre cezaevinde kald\u0131ktan sonra \u00e7\u0131kan gen\u00e7 k\u0131z, ge\u00e7ti\u011fimiz hafta Burdur 2. A\u011f\u0131r Ceza Mahkemesi&#x27;nde g\u00f6r\u00fclen bir dava sonucu 4 y\u0131l 5 ay hapis cezas\u0131 ve 149 bin 960 TL idari para cezas\u0131 ald\u0131. Gen\u00e7 k\u0131z hakk\u0131nda a\u00e7\u0131lan 20 davadan 11&#x27;inin ise \u00fclke genelindeki \u00e7e\u015fitli mahkemelerde s\u00fcrd\u00fc\u011f\u00fc \u00f6\u011frenildi.<\/p>\n<p>22 Ocak&#x27;ta aranmas\u0131 varken r\u00f6portaj veren ve g\u00f6zya\u015flar\u0131yla t\u00fcm T\u00fcrkiye&#x27;yi a\u011flatan \u00d6zlem, 4 \u015eubat&#x27;ta ise merkez Y\u00fcre\u011fir il\u00e7esindeki evinde polis ekiplerine teslim oldu&#8230;.<\/p>\n","protected":false},"excerpt":{"rendered":"<p>Adana&#8217;da arkada\u015f\u0131na IBAN&#8217;\u0131n\u0131 kulland\u0131rd\u0131\u011f\u0131 i\u00e7in hakk\u0131nda 20 dava a\u00e7\u0131lan ve en sonunda cezaevine giren gen\u00e7 k\u0131z\u0131n babas\u0131 Ahmet Develi, K\u0131z\u0131m\u0131n IBAN&#8230;<\/p>\n","protected":false},"author":2,"featured_media":1133,"comment_status":"open","ping_status":"open","sticky":false,"template":"","format":"standard","meta":{"footnotes":""},"categories":[8,6,5],"tags":[],"class_list":["post-1134","post","type-post","status-publish","format-standard","has-post-thumbnail","hentry","category-arsiv","category-gundem","category-son-dakika"],"_links":{"self":[{"href":"https:\/\/eskigazeteci.com\/index.php?rest_route=\/wp\/v2\/posts\/1134","targetHints":{"allow":["GET"]}}],"collection":[{"href":"https:\/\/eskigazeteci.com\/index.php?rest_route=\/wp\/v2\/posts"}],"about":[{"href":"https:\/\/eskigazeteci.com\/index.php?rest_route=\/wp\/v2\/types\/post"}],"author":[{"embeddable":true,"href":"https:\/\/eskigazeteci.com\/index.php?rest_route=\/wp\/v2\/users\/2"}],"replies":[{"embeddable":true,"href":"https:\/\/eskigazeteci.com\/index.php?rest_route=%2Fwp%2Fv2%2Fcomments&post=1134"}],"version-history":[{"count":0,"href":"https:\/\/eskigazeteci.com\/index.php?rest_route=\/wp\/v2\/posts\/1134\/revisions"}],"wp:featuredmedia":[{"embeddable":true,"href":"https:\/\/eskigazeteci.com\/index.php?rest_route=\/wp\/v2\/media\/1133"}],"wp:attachment":[{"href":"https:\/\/eskigazeteci.com\/index.php?rest_route=%2Fwp%2Fv2%2Fmedia&parent=1134"}],"wp:term":[{"taxonomy":"category","embeddable":true,"href":"https:\/\/eskigazeteci.com\/index.php?rest_route=%2Fwp%2Fv2%2Fcategories&post=1134"},{"taxonomy":"post_tag","embeddable":true,"href":"https:\/\/eskigazeteci.com\/index.php?rest_route=%2Fwp%2Fv2%2Ftags&post=1134"}],"curies":[{"name":"wp","href":"https:\/\/api.w.org\/{rel}","templated":true}]}}