{"id":1132,"date":"2026-02-11T07:36:48","date_gmt":"2026-02-11T07:36:48","guid":{"rendered":"https:\/\/eskigazeteci.com\/?p=1132"},"modified":"2026-02-11T07:36:48","modified_gmt":"2026-02-11T07:36:48","slug":"romadan-sonra-bu-kez-berlinde-bakan-ersoy-12-bin-yillik-tarihi-avrupanin-kalbine-tasidi","status":"publish","type":"post","link":"https:\/\/eskigazeteci.com\/?p=1132","title":{"rendered":"Roma\u2019dan sonra bu kez Berlin\u2019de&#8230; Bakan Ersoy 12 bin y\u0131ll\u0131k tarihi Avrupa\u2019n\u0131n kalbine ta\u015f\u0131d\u0131"},"content":{"rendered":"<p>K\u00fclt\u00fcr ve Turizm Bakanl\u0131\u011f\u0131 ile Berlin Devlet M\u00fczelerine ba\u011fl\u0131 Vorderasiatisches Museum i\u015f birli\u011fiyle haz\u0131rlanan \u201cToplumun Ke\u015ffi: 12 Bin Y\u0131l \u00d6nce G\u00f6beklitepe ve Ta\u015f Tepelerde Ya\u015fam\u201d sergisinin a\u00e7\u0131l\u0131\u015f\u0131, K\u00fclt\u00fcr ve Turizm Bakan\u0131 Mehmet Nuri Ersoy\u2019un kat\u0131l\u0131m\u0131yla Berlin\u2019de ger\u00e7ekle\u015ftirilirken; programa Almanya K\u00fclt\u00fcr ve Medyadan Sorumlu Devlet Bakan\u0131 Wolfram Weimer,T\u00fcrkiye Cumhuriyeti Berlin B\u00fcy\u00fckel\u00e7isi G\u00f6khan Turan, Alman Arkeoloji Enstit\u00fcs\u00fc Ba\u015fkan\u0131 Friederike Fless, sergi foto\u011fraf sanat\u00e7\u0131s\u0131 Isabel Mu\u00f1oz, Ta\u015f Tepeler Projesi Ba\u015fkan\u0131 Necmi Karul ve \u00d6n Asya M\u00fczesi Direkt\u00f6r\u00fc Barbara Helwing de kat\u0131ld\u0131.<\/p>\n<p>Bakan Ersoy, Berlin Museuminsel\u2019de yer alan James-Simon Galerie\u2019de d\u00fczenlenen serginin a\u00e7\u0131l\u0131\u015f\u0131nda yapt\u0131\u011f\u0131 konu\u015fmada, insanl\u0131\u011f\u0131n ortak ge\u00e7mi\u015fine ait benzersiz bir miras\u0131 Avrupa\u2019n\u0131n kalbinde d\u00fcnya ile bulu\u015fturman\u0131n mutlulu\u011funu ya\u015fad\u0131klar\u0131n\u0131 s\u00f6yledi.<\/p>\n<p>Sergiyle insanl\u0131k tarihinin en erken ve en \u00e7arp\u0131c\u0131 sayfalar\u0131ndan birine birlikte tan\u0131kl\u0131k edildi\u011fini ifade eden Ersoy, G\u00f6beklitepe ve Ta\u015f Tepeler \u00fczerinden insanl\u0131\u011f\u0131n ortak ge\u00e7mi\u015fine ait e\u015fsiz bir miras\u0131n ziyaret\u00e7ilere sunuldu\u011funu dile getirdi.<\/p>\n<p>ARKEOLOJ\u0130 ORTAK HAFIZAYI G\u00d6R\u00dcN\u00dcR KILIYOR<\/p>\n<p>Arkeolojinin, ortak haf\u0131zan\u0131n \u00fczerindeki toz ve topra\u011f\u0131&#8230;<\/p>\n","protected":false},"excerpt":{"rendered":"<p>K\u00fclt\u00fcr ve Turizm Bakan\u0131 Mehmet Nuri Ersoy, 12 bin y\u0131ll\u0131k ge\u00e7mi\u015fiyle G\u00f6beklitepe ve Ta\u015f Tepeler&#8217;de ortaya \u00e7\u0131kar\u0131lan bu ke\u015fifler, insanl\u0131k tarihinin&#8230;<\/p>\n","protected":false},"author":2,"featured_media":1131,"comment_status":"open","ping_status":"open","sticky":false,"template":"","format":"standard","meta":{"footnotes":""},"categories":[8,6,5],"tags":[],"class_list":["post-1132","post","type-post","status-publish","format-standard","has-post-thumbnail","hentry","category-arsiv","category-gundem","category-son-dakika"],"_links":{"self":[{"href":"https:\/\/eskigazeteci.com\/index.php?rest_route=\/wp\/v2\/posts\/1132","targetHints":{"allow":["GET"]}}],"collection":[{"href":"https:\/\/eskigazeteci.com\/index.php?rest_route=\/wp\/v2\/posts"}],"about":[{"href":"https:\/\/eskigazeteci.com\/index.php?rest_route=\/wp\/v2\/types\/post"}],"author":[{"embeddable":true,"href":"https:\/\/eskigazeteci.com\/index.php?rest_route=\/wp\/v2\/users\/2"}],"replies":[{"embeddable":true,"href":"https:\/\/eskigazeteci.com\/index.php?rest_route=%2Fwp%2Fv2%2Fcomments&post=1132"}],"version-history":[{"count":0,"href":"https:\/\/eskigazeteci.com\/index.php?rest_route=\/wp\/v2\/posts\/1132\/revisions"}],"wp:featuredmedia":[{"embeddable":true,"href":"https:\/\/eskigazeteci.com\/index.php?rest_route=\/wp\/v2\/media\/1131"}],"wp:attachment":[{"href":"https:\/\/eskigazeteci.com\/index.php?rest_route=%2Fwp%2Fv2%2Fmedia&parent=1132"}],"wp:term":[{"taxonomy":"category","embeddable":true,"href":"https:\/\/eskigazeteci.com\/index.php?rest_route=%2Fwp%2Fv2%2Fcategories&post=1132"},{"taxonomy":"post_tag","embeddable":true,"href":"https:\/\/eskigazeteci.com\/index.php?rest_route=%2Fwp%2Fv2%2Ftags&post=1132"}],"curies":[{"name":"wp","href":"https:\/\/api.w.org\/{rel}","templated":true}]}}