{"id":1130,"date":"2026-02-11T07:35:17","date_gmt":"2026-02-11T07:35:17","guid":{"rendered":"https:\/\/eskigazeteci.com\/?p=1130"},"modified":"2026-02-11T07:35:17","modified_gmt":"2026-02-11T07:35:17","slug":"rusyanin-ukraynaya-saldirisinda-3u-cocuk-4-kisi-oldu","status":"publish","type":"post","link":"https:\/\/eskigazeteci.com\/?p=1130","title":{"rendered":"Rusya&#8217;n\u0131n Ukrayna&#8217;ya sald\u0131r\u0131s\u0131nda 3&#8217;\u00fc \u00e7ocuk 4 ki\u015fi \u00f6ld\u00fc"},"content":{"rendered":"<p>Ukrayna Devlet Acil Durum Servisinin (DSNS) sosyal medya hesab\u0131ndan yap\u0131lan payla\u015f\u0131mda, Rusya&#x27;n\u0131n Harkiv b\u00f6lgesindeki Bogodukhiv \u015fehrine \u0130HA sald\u0131r\u0131s\u0131 d\u00fczenledi\u011fi belirtildi.<\/p>\n<p>Payla\u015f\u0131mda, sald\u0131r\u0131 s\u0131ras\u0131nda bir konut binas\u0131n\u0131n y\u0131k\u0131ld\u0131\u011f\u0131 aktar\u0131ld\u0131.<\/p>\n<p>Sald\u0131r\u0131da 3&#x27;\u00fc \u00e7ocuk 4 ki\u015finin hayat\u0131n\u0131 kaybetti\u011fi belirtilen payla\u015f\u0131mda, 2 ki\u015finin de yaraland\u0131\u011f\u0131 bildirildi.<\/p>\n<p>UKRAYNA&#x27;YA GECE BOMBARDIMANI<\/p>\n<p>Ukrayna Ordusu Hava Kuvvetleri Komutanl\u0131\u011f\u0131&#x27;ndan yap\u0131lan yaz\u0131l\u0131 a\u00e7\u0131klamada, Rusya&#x27;n\u0131n bu gece \u00fclkeye y\u00f6nelik 129 \u0130HA ile sald\u0131r\u0131 ger\u00e7ekle\u015ftirdi\u011fi bildirildi.<\/p>\n<p>Rus ordusunun bu sald\u0131r\u0131larda &quot;\u015eahed&quot; ile &quot;Gerbera&quot; ve &quot;\u0130talmas&quot; tipi sald\u0131r\u0131 \u0130HA&#x27;lar\u0131 kulland\u0131\u011f\u0131 belirtilen a\u00e7\u0131klamada, hava savunma kuvvetlerince 112 \u0130HA&#x27;n\u0131n etkisiz hale getirildi\u011fi kaydedildi.<\/p>\n<p>A\u00e7\u0131klamada, kalan \u0130HA&#x27;lar\u0131n ise Ukrayna &#x27;daki 8 farkl\u0131 noktaya isabet etti\u011fi aktar\u0131ld\u0131.<\/p>\n<p>Yurtd\u0131\u015f\u0131nda ya\u015fanan en son olaylar, d\u00fcnya g\u00fcndemine oturan d\u0131\u015f haberler, son dakika d\u00fcnya haberleri, di\u011fer d\u00fcnya \u00fclkelerinden g\u00fcncel haberler i\u00e7in T\u00fcrkiye&#x27;nin haber sitesi hurriyet.com.tr; Hurriyet.com.tr haber i\u00e7erikleri kaynak g\u00f6sterilmeden al\u0131nt\u0131 yap\u0131lamaz, Kanuna ayk\u0131r\u0131 ve izinsiz olarak kopyalanamaz, ba\u015fka yerde yay\u0131nlanamaz.<\/p>\n","protected":false},"excerpt":{"rendered":"<p>Rus ordusunun Ukrayna&#8217;n\u0131n Harkiv b\u00f6lgesindeki Bogodukhiv \u015fehrine y\u00f6nelik insans\u0131z hava ara\u00e7lar\u0131yla (\u0130HA) ger\u00e7ekle\u015ftirdi\u011fi sald\u0131r\u0131da 3&#8217;\u00fc \u00e7ocuk 4 ki\u015finin&#8230;<\/p>\n","protected":false},"author":2,"featured_media":1129,"comment_status":"open","ping_status":"open","sticky":false,"template":"","format":"standard","meta":{"footnotes":""},"categories":[8,6,5],"tags":[],"class_list":["post-1130","post","type-post","status-publish","format-standard","has-post-thumbnail","hentry","category-arsiv","category-gundem","category-son-dakika"],"_links":{"self":[{"href":"https:\/\/eskigazeteci.com\/index.php?rest_route=\/wp\/v2\/posts\/1130","targetHints":{"allow":["GET"]}}],"collection":[{"href":"https:\/\/eskigazeteci.com\/index.php?rest_route=\/wp\/v2\/posts"}],"about":[{"href":"https:\/\/eskigazeteci.com\/index.php?rest_route=\/wp\/v2\/types\/post"}],"author":[{"embeddable":true,"href":"https:\/\/eskigazeteci.com\/index.php?rest_route=\/wp\/v2\/users\/2"}],"replies":[{"embeddable":true,"href":"https:\/\/eskigazeteci.com\/index.php?rest_route=%2Fwp%2Fv2%2Fcomments&post=1130"}],"version-history":[{"count":0,"href":"https:\/\/eskigazeteci.com\/index.php?rest_route=\/wp\/v2\/posts\/1130\/revisions"}],"wp:featuredmedia":[{"embeddable":true,"href":"https:\/\/eskigazeteci.com\/index.php?rest_route=\/wp\/v2\/media\/1129"}],"wp:attachment":[{"href":"https:\/\/eskigazeteci.com\/index.php?rest_route=%2Fwp%2Fv2%2Fmedia&parent=1130"}],"wp:term":[{"taxonomy":"category","embeddable":true,"href":"https:\/\/eskigazeteci.com\/index.php?rest_route=%2Fwp%2Fv2%2Fcategories&post=1130"},{"taxonomy":"post_tag","embeddable":true,"href":"https:\/\/eskigazeteci.com\/index.php?rest_route=%2Fwp%2Fv2%2Ftags&post=1130"}],"curies":[{"name":"wp","href":"https:\/\/api.w.org\/{rel}","templated":true}]}}