{"id":1128,"date":"2026-02-11T07:33:44","date_gmt":"2026-02-11T07:33:44","guid":{"rendered":"https:\/\/eskigazeteci.com\/?p=1128"},"modified":"2026-02-11T07:33:44","modified_gmt":"2026-02-11T07:33:44","slug":"ticaret-ve-perakende-satis-hacmi-aralik-2025te-artti","status":"publish","type":"post","link":"https:\/\/eskigazeteci.com\/?p=1128","title":{"rendered":"Ticaret ve perakende sat\u0131\u015f hacmi Aral\u0131k 2025\u2019te artt\u0131"},"content":{"rendered":"<p>Ticaret sat\u0131\u015f hacmi, Aral\u0131k 2025&#x27;te y\u0131ll\u0131k bazda y\u00fczde 3,8, perakende sat\u0131\u015f hacmi de y\u00fczde 16,3 y\u00fckseldi.<\/p>\n<p>T\u00fcrkiye \u0130statistik Kurumu (T\u00dc\u0130K), ge\u00e7en y\u0131l\u0131n aral\u0131k ay\u0131na ili\u015fkin ticaret sat\u0131\u015f hacim endeksi verilerini a\u00e7\u0131klad\u0131.<\/p>\n<p>Buna g\u00f6re, ticaret sat\u0131\u015f hacmi, Aral\u0131k 2025&#x27;te bir \u00f6nceki aya k\u0131yasla y\u00fczde 2,1 art\u0131\u015f g\u00f6sterdi. Bu d\u00f6nemde, motorlu kara ta\u015f\u0131tlar\u0131 ve motosikletlerin toptan ve perakende ticareti ile onar\u0131m\u0131 i\u00e7in sat\u0131\u015f hacmi de\u011fi\u015fmezken, toptan ticaret sat\u0131\u015f hacmi y\u00fczde 2,8, perakende ticaret sat\u0131\u015f hacmi ise y\u00fczde 1,7 artt\u0131.<\/p>\n<p>Ticaret sat\u0131\u015f hacmi, Aral\u0131k 2025 &#x27;te bir \u00f6nceki y\u0131l\u0131n ayn\u0131 ay\u0131na g\u00f6re y\u00fczde 3,8 art\u0131\u015f kaydetti. Ayn\u0131 d\u00f6nemde, motorlu kara ta\u015f\u0131tlar\u0131 ve motosikletlerin toptan ve perakende ticareti ile onar\u0131m\u0131 i\u00e7in sat\u0131\u015f hacmi y\u00fczde 3, perakende ticaret sat\u0131\u015f hacmi y\u00fczde 16,3 y\u00fckselirken, toptan ticaret sat\u0131\u015f hacmi ise y\u00fczde 1 azald\u0131.<\/p>\n<p>Piyasa verileri Foreks Bilgi \u0130leti\u015fim Hizmetleri A.\u015e. taraf\u0131ndan sa\u011flanmaktad\u0131r. \u00dcye giri\u015fi yap\u0131lan Canl\u0131 Borsa sayfalar\u0131 haricinde Hisse senedi verileri 15 dk gecikmelidir. Tahvil-Bono-Repo \u00f6zet verileri her durumda 15 dk gecikmelidir.<\/p>\n","protected":false},"excerpt":{"rendered":"<p>Aral\u0131k 2025\u2019te ticaret ve perakende sat\u0131\u015f hacmi hem ayl\u0131k hem y\u0131ll\u0131k bazda art\u0131\u015f g\u00f6sterirken, en g\u00fc\u00e7l\u00fc y\u00fckseli\u015f perakende ticarette kaydedildi.<\/p>\n","protected":false},"author":2,"featured_media":1127,"comment_status":"open","ping_status":"open","sticky":false,"template":"","format":"standard","meta":{"footnotes":""},"categories":[8,6,5],"tags":[],"class_list":["post-1128","post","type-post","status-publish","format-standard","has-post-thumbnail","hentry","category-arsiv","category-gundem","category-son-dakika"],"_links":{"self":[{"href":"https:\/\/eskigazeteci.com\/index.php?rest_route=\/wp\/v2\/posts\/1128","targetHints":{"allow":["GET"]}}],"collection":[{"href":"https:\/\/eskigazeteci.com\/index.php?rest_route=\/wp\/v2\/posts"}],"about":[{"href":"https:\/\/eskigazeteci.com\/index.php?rest_route=\/wp\/v2\/types\/post"}],"author":[{"embeddable":true,"href":"https:\/\/eskigazeteci.com\/index.php?rest_route=\/wp\/v2\/users\/2"}],"replies":[{"embeddable":true,"href":"https:\/\/eskigazeteci.com\/index.php?rest_route=%2Fwp%2Fv2%2Fcomments&post=1128"}],"version-history":[{"count":0,"href":"https:\/\/eskigazeteci.com\/index.php?rest_route=\/wp\/v2\/posts\/1128\/revisions"}],"wp:featuredmedia":[{"embeddable":true,"href":"https:\/\/eskigazeteci.com\/index.php?rest_route=\/wp\/v2\/media\/1127"}],"wp:attachment":[{"href":"https:\/\/eskigazeteci.com\/index.php?rest_route=%2Fwp%2Fv2%2Fmedia&parent=1128"}],"wp:term":[{"taxonomy":"category","embeddable":true,"href":"https:\/\/eskigazeteci.com\/index.php?rest_route=%2Fwp%2Fv2%2Fcategories&post=1128"},{"taxonomy":"post_tag","embeddable":true,"href":"https:\/\/eskigazeteci.com\/index.php?rest_route=%2Fwp%2Fv2%2Ftags&post=1128"}],"curies":[{"name":"wp","href":"https:\/\/api.w.org\/{rel}","templated":true}]}}