{"id":1126,"date":"2026-02-11T07:32:11","date_gmt":"2026-02-11T07:32:11","guid":{"rendered":"https:\/\/eskigazeteci.com\/?p=1126"},"modified":"2026-02-11T07:32:11","modified_gmt":"2026-02-11T07:32:11","slug":"ilk-oruc-ne-zaman-2026-ramazan-ayi-ilk-sahura-ne-zaman-kalkilacak-sahur-saat-kacta-yapilacak","status":"publish","type":"post","link":"https:\/\/eskigazeteci.com\/?p=1126","title":{"rendered":"\u0130LK ORU\u00c7 NE ZAMAN? 2026 ramazan ay\u0131 ilk sahura ne zaman kalk\u0131lacak, sahur saat ka\u00e7ta yap\u0131lacak?"},"content":{"rendered":"<p>Namaz vakitlerini H\u00fcrriyet uygulamas\u0131 ile takip edin!<\/p>\n<p>H\u00fcrriyet App<\/p>\n<p>Web<\/p>\n<p>\u0130lk oru\u00e7 i\u00e7in geri say\u0131m ba\u015flad\u0131. Diyanet \u0130\u015fleri Ba\u015fkanl\u0131\u011f\u0131&#x27;n\u0131n dini g\u00fcnler takvimine g\u00f6re, 2026 y\u0131l\u0131nda Ramazan ay\u0131 19 \u015eubat Per\u015fembe g\u00fcn\u00fc ba\u015flayacak. M\u00fcsl\u00fcmanlar, 18 \u015eubat \u00c7ar\u015famba g\u00fcn\u00fcn\u00fc 19 \u015eubat Per\u015fembe g\u00fcn\u00fcne ba\u011flayan gece ilk sahur i\u00e7in sofraya oturacak. 19 \u015eubat ak\u015fam\u0131 ise y\u0131l\u0131n ilk iftar\u0131 yap\u0131lacak.<\/p>\n<p>\u2022\u0130lk Sahur: 18 \u015eubat&#x27;\u0131 19 \u015eubat&#x27;a ba\u011flayan gece \u2022\u0130lk \u0130ftar: 19 \u015eubat 2026 Per\u015fembe \u2022Kadir Gecesi: 16 Mart 2026 Pazartesi \u2022Arife G\u00fcn\u00fc: 19 Mart 2026 Per\u015fembe \u2022Ramazan Bayram\u0131 1. G\u00fcn: 20 Mart 2026 Cuma<\/p>\n<p>\u2022\u0130lk Sahur: 18 \u015eubat&#x27;\u0131 19 \u015eubat&#x27;a ba\u011flayan gece<\/p>\n<p>\u2022\u0130lk \u0130ftar: 19 \u015eubat 2026 Per\u015fembe<\/p>\n<p>\u2022Kadir Gecesi: 16 Mart 2026 Pazartesi<\/p>\n<p>\u2022Arife G\u00fcn\u00fc: 19 Mart 2026 Per\u015fembe<\/p>\n<p>\u2022Ramazan Bayram\u0131 1. G\u00fcn: 20 Mart 2026 Cuma<\/p>\n<p>2026 Ramazan ay\u0131n\u0131n ilk g\u00fcn\u00fcnde T\u00fcrkiye&#x27;nin \u00fc\u00e7 b\u00fcy\u00fck ilindeki sahur ve iftar vakitleri \u015fu \u015fekildedir: \u015eehir \u0130msak (Sahur) \u0130ftar (Ak\u015fam) \u0130stanbul 06:22 18:49 Ankara 06:06 18:35 \u0130zmir 06:28 18:57 Not: Vakitler Diyanet \u0130\u015fleri Ba\u015fkanl\u0131\u011f\u0131 verileri baz al\u0131narak haz\u0131rlanm\u0131\u015ft\u0131r. \u0130l\u00e7e bazl\u0131 de\u011fi\u015fimler g\u00f6sterebilir. T\u00dcM \u0130LLER\u0130N \u0130FTAR VE SAHUR VAK\u0130TLER\u0130 \u0130\u00c7\u0130N TIKLAYINIZ<\/p>\n<p>2026 Ramazan ay\u0131n\u0131n ilk g\u00fcn\u00fcnde T\u00fcrkiye&#x27;nin \u00fc\u00e7&#8230;<\/p>\n","protected":false},"excerpt":{"rendered":"<p>\u0130lk oru\u00e7 ne zaman ve ilk sahura ne zaman kalk\u0131lacak sorusu, ramazan ay\u0131na g\u00fcnler kala merak konusu oldu. Bu y\u0131l 29 g\u00fcn s\u00fcrecek olan ramazan ay\u0131, iftar ve&#8230;<\/p>\n","protected":false},"author":2,"featured_media":1125,"comment_status":"open","ping_status":"open","sticky":false,"template":"","format":"standard","meta":{"footnotes":""},"categories":[8,6,5],"tags":[],"class_list":["post-1126","post","type-post","status-publish","format-standard","has-post-thumbnail","hentry","category-arsiv","category-gundem","category-son-dakika"],"_links":{"self":[{"href":"https:\/\/eskigazeteci.com\/index.php?rest_route=\/wp\/v2\/posts\/1126","targetHints":{"allow":["GET"]}}],"collection":[{"href":"https:\/\/eskigazeteci.com\/index.php?rest_route=\/wp\/v2\/posts"}],"about":[{"href":"https:\/\/eskigazeteci.com\/index.php?rest_route=\/wp\/v2\/types\/post"}],"author":[{"embeddable":true,"href":"https:\/\/eskigazeteci.com\/index.php?rest_route=\/wp\/v2\/users\/2"}],"replies":[{"embeddable":true,"href":"https:\/\/eskigazeteci.com\/index.php?rest_route=%2Fwp%2Fv2%2Fcomments&post=1126"}],"version-history":[{"count":0,"href":"https:\/\/eskigazeteci.com\/index.php?rest_route=\/wp\/v2\/posts\/1126\/revisions"}],"wp:featuredmedia":[{"embeddable":true,"href":"https:\/\/eskigazeteci.com\/index.php?rest_route=\/wp\/v2\/media\/1125"}],"wp:attachment":[{"href":"https:\/\/eskigazeteci.com\/index.php?rest_route=%2Fwp%2Fv2%2Fmedia&parent=1126"}],"wp:term":[{"taxonomy":"category","embeddable":true,"href":"https:\/\/eskigazeteci.com\/index.php?rest_route=%2Fwp%2Fv2%2Fcategories&post=1126"},{"taxonomy":"post_tag","embeddable":true,"href":"https:\/\/eskigazeteci.com\/index.php?rest_route=%2Fwp%2Fv2%2Ftags&post=1126"}],"curies":[{"name":"wp","href":"https:\/\/api.w.org\/{rel}","templated":true}]}}