{"id":1116,"date":"2026-02-11T07:02:02","date_gmt":"2026-02-11T07:02:02","guid":{"rendered":"https:\/\/eskigazeteci.com\/?p=1116"},"modified":"2026-02-11T07:02:02","modified_gmt":"2026-02-11T07:02:02","slug":"haluk-levent-tarkani-kiskaniyorum","status":"publish","type":"post","link":"https:\/\/eskigazeteci.com\/?p=1116","title":{"rendered":"Haluk Levent: Tarkan\u2019\u0131 k\u0131skan\u0131yorum"},"content":{"rendered":"<p>\u00dcnl\u00fc rock\u2019\u00e7\u0131, Tarkan \u2019la ilgili esprisiyle dinleyicilerini g\u00fcld\u00fcrd\u00fc: \u201cKonserlerine ara versin, direkt Tarkan\u2019\u0131 arayaca\u011f\u0131m. Diyece\u011fim ki; \u2018Tarkan seni k\u0131skanmamak m\u00fcmk\u00fcn m\u00fc?\u2019 Niye? Onun konserlerini g\u00f6rd\u00fcn\u00fcz de\u011fil mi; en \u00f6nde b\u00fct\u00fcn k\u0131zlar. Benim konserimde \u00f6ndeki adamlara bak. Ben bunlara bak\u0131p hangi duyguyla \u015fark\u0131 s\u00f6yleyece\u011fim, nas\u0131l keyif alaca\u011f\u0131m?\u201d<\/p>\n<p>Konserde gecenin s\u00fcrprizi Zara \u2019dan geldi. Haluk Levent \u2019in sahnesine konuk olan Zara, seslendirdi\u011fi \u015fark\u0131lar ve sanat\u00e7\u0131yla kar\u015f\u0131l\u0131kl\u0131 oynad\u0131\u011f\u0131 zeybekle konsere renk katt\u0131.<\/p>\n<p>T\u00fcrkiye&#x27;den ve D\u00fcnya\u2019dan son dakika haberleri, k\u00f6\u015fe yaz\u0131lar\u0131, magazinden siyasete, spordan seyahate b\u00fct\u00fcn konular\u0131n tek adresi Hurriyet.com.tr haber i\u00e7erikleri izin al\u0131nmadan, kaynak g\u00f6sterilerek dahi iktibas edilemez. Kanuna ayk\u0131r\u0131 ve izinsiz olarak kopyalanamaz, ba\u015fka yerde yay\u0131nlanamaz.<\/p>\n","protected":false},"excerpt":{"rendered":"<p>Haluk Levent \u00f6nceki ak\u015fam Ankara Congresium\u2019da konser verdi.<\/p>\n","protected":false},"author":2,"featured_media":1115,"comment_status":"open","ping_status":"open","sticky":false,"template":"","format":"standard","meta":{"footnotes":""},"categories":[8,6,5],"tags":[],"class_list":["post-1116","post","type-post","status-publish","format-standard","has-post-thumbnail","hentry","category-arsiv","category-gundem","category-son-dakika"],"_links":{"self":[{"href":"https:\/\/eskigazeteci.com\/index.php?rest_route=\/wp\/v2\/posts\/1116","targetHints":{"allow":["GET"]}}],"collection":[{"href":"https:\/\/eskigazeteci.com\/index.php?rest_route=\/wp\/v2\/posts"}],"about":[{"href":"https:\/\/eskigazeteci.com\/index.php?rest_route=\/wp\/v2\/types\/post"}],"author":[{"embeddable":true,"href":"https:\/\/eskigazeteci.com\/index.php?rest_route=\/wp\/v2\/users\/2"}],"replies":[{"embeddable":true,"href":"https:\/\/eskigazeteci.com\/index.php?rest_route=%2Fwp%2Fv2%2Fcomments&post=1116"}],"version-history":[{"count":0,"href":"https:\/\/eskigazeteci.com\/index.php?rest_route=\/wp\/v2\/posts\/1116\/revisions"}],"wp:featuredmedia":[{"embeddable":true,"href":"https:\/\/eskigazeteci.com\/index.php?rest_route=\/wp\/v2\/media\/1115"}],"wp:attachment":[{"href":"https:\/\/eskigazeteci.com\/index.php?rest_route=%2Fwp%2Fv2%2Fmedia&parent=1116"}],"wp:term":[{"taxonomy":"category","embeddable":true,"href":"https:\/\/eskigazeteci.com\/index.php?rest_route=%2Fwp%2Fv2%2Fcategories&post=1116"},{"taxonomy":"post_tag","embeddable":true,"href":"https:\/\/eskigazeteci.com\/index.php?rest_route=%2Fwp%2Fv2%2Ftags&post=1116"}],"curies":[{"name":"wp","href":"https:\/\/api.w.org\/{rel}","templated":true}]}}