{"id":1114,"date":"2026-02-11T06:56:20","date_gmt":"2026-02-11T06:56:20","guid":{"rendered":"https:\/\/eskigazeteci.com\/?p=1114"},"modified":"2026-02-11T06:56:20","modified_gmt":"2026-02-11T06:56:20","slug":"kucukcekmecede-istinat-duvari-yikildiginda-bina-tahliye-edilir","status":"publish","type":"post","link":"https:\/\/eskigazeteci.com\/?p=1114","title":{"rendered":"K\u00fc\u00e7\u00fck\u00e7ekmece&#8217;de \u0130stinat Duvar\u0131 Y\u0131k\u0131ld\u0131\u011f\u0131nda Bina Tahliye Edilir"},"content":{"rendered":"<p>K\u00fc\u00e7\u00fck\u00e7ekmece Cennet Mahallesi&#x27;nde in\u015faat \u00e7al\u0131\u015fmas\u0131nda istinat duvar\u0131 y\u0131k\u0131ld\u0131. \u0130n\u015faat\u0131n yan\u0131nda bulunan ve zarar g\u00f6ren 5 katl\u0131 bina tahliye edilmi\u015ftir. Bu durum, in\u015faat s\u00fcrecinde ortaya \u00e7\u0131kan bir sorun olarak de\u011ferlendirilmelidir.<\/p>\n","protected":false},"excerpt":{"rendered":"<p>\u0130stinat duvar\u0131, in\u015faat\u0131n yan\u0131nda bulunan ve zarar g\u00f6ren 5 katl\u0131 bina taraf\u0131ndan tahliye edildi.<\/p>\n","protected":false},"author":2,"featured_media":1113,"comment_status":"open","ping_status":"open","sticky":false,"template":"","format":"standard","meta":{"footnotes":""},"categories":[8,6,5],"tags":[],"class_list":["post-1114","post","type-post","status-publish","format-standard","has-post-thumbnail","hentry","category-arsiv","category-gundem","category-son-dakika"],"_links":{"self":[{"href":"https:\/\/eskigazeteci.com\/index.php?rest_route=\/wp\/v2\/posts\/1114","targetHints":{"allow":["GET"]}}],"collection":[{"href":"https:\/\/eskigazeteci.com\/index.php?rest_route=\/wp\/v2\/posts"}],"about":[{"href":"https:\/\/eskigazeteci.com\/index.php?rest_route=\/wp\/v2\/types\/post"}],"author":[{"embeddable":true,"href":"https:\/\/eskigazeteci.com\/index.php?rest_route=\/wp\/v2\/users\/2"}],"replies":[{"embeddable":true,"href":"https:\/\/eskigazeteci.com\/index.php?rest_route=%2Fwp%2Fv2%2Fcomments&post=1114"}],"version-history":[{"count":0,"href":"https:\/\/eskigazeteci.com\/index.php?rest_route=\/wp\/v2\/posts\/1114\/revisions"}],"wp:featuredmedia":[{"embeddable":true,"href":"https:\/\/eskigazeteci.com\/index.php?rest_route=\/wp\/v2\/media\/1113"}],"wp:attachment":[{"href":"https:\/\/eskigazeteci.com\/index.php?rest_route=%2Fwp%2Fv2%2Fmedia&parent=1114"}],"wp:term":[{"taxonomy":"category","embeddable":true,"href":"https:\/\/eskigazeteci.com\/index.php?rest_route=%2Fwp%2Fv2%2Fcategories&post=1114"},{"taxonomy":"post_tag","embeddable":true,"href":"https:\/\/eskigazeteci.com\/index.php?rest_route=%2Fwp%2Fv2%2Ftags&post=1114"}],"curies":[{"name":"wp","href":"https:\/\/api.w.org\/{rel}","templated":true}]}}