{"id":1112,"date":"2026-02-11T06:55:07","date_gmt":"2026-02-11T06:55:07","guid":{"rendered":"https:\/\/eskigazeteci.com\/?p=1112"},"modified":"2026-02-11T06:55:07","modified_gmt":"2026-02-11T06:55:07","slug":"icisleri-bakani-mustafa-ciftciden-ilk-aciklama","status":"publish","type":"post","link":"https:\/\/eskigazeteci.com\/?p=1112","title":{"rendered":"\u0130\u00e7i\u015fleri Bakan\u0131 Mustafa \u00c7ift\u00e7i&#8217;den ilk a\u00e7\u0131klama"},"content":{"rendered":"<p>Resmi Gazete&#x27;de yay\u0131mlanan Cumhurba\u015fkan\u0131 kararlar\u0131yla \u0130\u00e7i\u015fleri Bakanl\u0131\u011f\u0131na Erzurum Valisi Mustafa \u00c7ift\u00e7i, Adalet Bakanl\u0131\u011f\u0131na \u0130stanbul Cumhuriyet Ba\u015fsavc\u0131s\u0131 Ak\u0131n G\u00fcrlek atand\u0131.<\/p>\n<p>\u0130\u00e7i\u015fleri Bakanl\u0131\u011f\u0131&#x27;na atanan Mustafa \u00c7ift\u00e7i , vali olarak g\u00f6rev yapt\u0131\u011f\u0131 Erzurum&#x27;da bas\u0131n mensuplar\u0131na konu\u015ftu. \u00c7ift\u00e7i, ataman\u0131n ard\u0131ndan yapt\u0131\u011f\u0131 ilk a\u00e7\u0131klamas\u0131nda Erzurum halk\u0131na te\u015fekk\u00fcr etti.<\/p>\n<p>Bakan \u00c7ift\u00e7i, konu\u015fmas\u0131nda \u015fu ifadelere yer verdi:<\/p>\n<p>\u00dczerime d\u00fc\u015feni yapt\u0131\u011f\u0131ma inan\u0131yorum. Bug\u00fcn ayr\u0131l\u0131yorum. B\u00fct\u00fcn \u00e7al\u0131\u015fma arkada\u015flar\u0131ma ve herkese ayr\u0131 ayr\u0131 te\u015fekk\u00fcr ediyorum. Dada\u015f&#x27;lara te\u015fekk\u00fcr ediyorum. G\u00f6revimi yapm\u0131\u015f olman\u0131n huzuru ile ayr\u0131l\u0131yorum. Bug\u00fcnk\u00fc atama kararnamesi ile sorumlulu\u011fu a\u011f\u0131r olan g\u00f6revi \u00fcstleniyorum. Allah yar ve yard\u0131mc\u0131m\u0131z olsun. \u0130n\u015fallah \u0130\u00e7i\u015fleri Bakanl\u0131\u011f\u0131 &#x27;mda da 81 ilimizde de burada yapt\u0131klar\u0131m\u0131z\u0131 su\u00e7lara y\u00f6nelik b\u00fct\u00fcn gayretimiz ile \u00e7al\u0131\u015faca\u011f\u0131z.<\/p>\n<p>DEV\u0130R TESL\u0130M SAAT 12&#x27;DE<\/p>\n<p>Bug\u00fcn itibariyle devir teslim yap\u0131lacak. 12 gibi devir teslimi ger\u00e7ekle\u015ftirmi\u015f olaca\u011f\u0131z. Her zaman yak\u0131n ilgilerini g\u00f6rd\u00fc\u011f\u00fcm garnizon komutan\u0131m\u0131za, milletvekillerimize, b\u00fct\u00fcn kamu kurum ve kurulu\u015flardaki \u00e7al\u0131\u015fma arkada\u015flar\u0131ma te\u015fekk\u00fcr ediyorum.<\/p>\n<p>T\u00fcrkiye g\u00fcndeminden son dakika haberleri, bug\u00fcn ya\u015fanan en son&#8230;<\/p>\n","protected":false},"excerpt":{"rendered":"<p>Cumhurba\u015fkan\u0131 karar\u0131yla \u0130\u00e7i\u015fleri Bakanl\u0131\u011f\u0131&#8217;na atanan Erzurum Valisi Mustafa \u00c7ift\u00e7i, ilk a\u00e7\u0131klamas\u0131nda Sorumlulu\u011fu a\u011f\u0131r olan bir g\u00f6revi \u00fcstleniyorum dedi.<\/p>\n","protected":false},"author":2,"featured_media":1111,"comment_status":"open","ping_status":"open","sticky":false,"template":"","format":"standard","meta":{"footnotes":""},"categories":[8,6,5],"tags":[],"class_list":["post-1112","post","type-post","status-publish","format-standard","has-post-thumbnail","hentry","category-arsiv","category-gundem","category-son-dakika"],"_links":{"self":[{"href":"https:\/\/eskigazeteci.com\/index.php?rest_route=\/wp\/v2\/posts\/1112","targetHints":{"allow":["GET"]}}],"collection":[{"href":"https:\/\/eskigazeteci.com\/index.php?rest_route=\/wp\/v2\/posts"}],"about":[{"href":"https:\/\/eskigazeteci.com\/index.php?rest_route=\/wp\/v2\/types\/post"}],"author":[{"embeddable":true,"href":"https:\/\/eskigazeteci.com\/index.php?rest_route=\/wp\/v2\/users\/2"}],"replies":[{"embeddable":true,"href":"https:\/\/eskigazeteci.com\/index.php?rest_route=%2Fwp%2Fv2%2Fcomments&post=1112"}],"version-history":[{"count":0,"href":"https:\/\/eskigazeteci.com\/index.php?rest_route=\/wp\/v2\/posts\/1112\/revisions"}],"wp:featuredmedia":[{"embeddable":true,"href":"https:\/\/eskigazeteci.com\/index.php?rest_route=\/wp\/v2\/media\/1111"}],"wp:attachment":[{"href":"https:\/\/eskigazeteci.com\/index.php?rest_route=%2Fwp%2Fv2%2Fmedia&parent=1112"}],"wp:term":[{"taxonomy":"category","embeddable":true,"href":"https:\/\/eskigazeteci.com\/index.php?rest_route=%2Fwp%2Fv2%2Fcategories&post=1112"},{"taxonomy":"post_tag","embeddable":true,"href":"https:\/\/eskigazeteci.com\/index.php?rest_route=%2Fwp%2Fv2%2Ftags&post=1112"}],"curies":[{"name":"wp","href":"https:\/\/api.w.org\/{rel}","templated":true}]}}