{"id":1110,"date":"2026-02-11T06:53:35","date_gmt":"2026-02-11T06:53:35","guid":{"rendered":"https:\/\/eskigazeteci.com\/?p=1110"},"modified":"2026-02-11T06:53:35","modified_gmt":"2026-02-11T06:53:35","slug":"panamada-gocmen-teknesi-alabora-oldu-3-kisi-yasamini-yitirdi","status":"publish","type":"post","link":"https:\/\/eskigazeteci.com\/?p=1110","title":{"rendered":"Panama&#8217;da g\u00f6\u00e7men teknesi alabora oldu: 3 ki\u015fi ya\u015fam\u0131n\u0131 yitirdi"},"content":{"rendered":"<p>Panama Sahil G\u00fcvenli\u011fi, Kolombiya&#x27;ya do\u011fru giden g\u00f6\u00e7menleri ta\u015f\u0131yan 2 teknenin, Panama a\u00e7\u0131klar\u0131nda alabora oldu\u011funu a\u00e7\u0131klad\u0131.<\/p>\n<p>Yetkililer, 16 g\u00f6\u00e7menin bulundu\u011fu teknede ilk belirlemelere g\u00f6re 3 ki\u015finin hayat\u0131n\u0131 kaybetti\u011fini, yaral\u0131 1 ki\u015finin hastaneye sevk edildi\u011fini ifade ederken geriye kalan 12 ki\u015fi hakk\u0131nda ise hi\u00e7bir bilgi payla\u015fmad\u0131.<\/p>\n<p>Son bir y\u0131lda g\u00f6\u00e7menlerin G\u00fcney Amerika&#x27;daki \u00fclkelerine geri d\u00f6nmeye \u00e7al\u0131\u015fmas\u0131yla tersine g\u00f6\u00e7te art\u0131\u015f ya\u015fan\u0131yor.<\/p>\n<p>Yurtd\u0131\u015f\u0131nda ya\u015fanan en son olaylar, d\u00fcnya g\u00fcndemine oturan d\u0131\u015f haberler, son dakika d\u00fcnya haberleri, di\u011fer d\u00fcnya \u00fclkelerinden g\u00fcncel haberler i\u00e7in T\u00fcrkiye&#x27;nin haber sitesi hurriyet.com.tr; Hurriyet.com.tr haber i\u00e7erikleri kaynak g\u00f6sterilmeden al\u0131nt\u0131 yap\u0131lamaz, Kanuna ayk\u0131r\u0131 ve izinsiz olarak kopyalanamaz, ba\u015fka yerde yay\u0131nlanamaz.<\/p>\n","protected":false},"excerpt":{"rendered":"<p>Panama a\u00e7\u0131klar\u0131nda g\u00f6\u00e7menleri ta\u015f\u0131yan 2 teknenin alabora olmas\u0131 sonucu 3 ki\u015finin hayat\u0131n\u0131 kaybetti\u011fi kaydedildi.<\/p>\n","protected":false},"author":2,"featured_media":1109,"comment_status":"open","ping_status":"open","sticky":false,"template":"","format":"standard","meta":{"footnotes":""},"categories":[8,6,5],"tags":[],"class_list":["post-1110","post","type-post","status-publish","format-standard","has-post-thumbnail","hentry","category-arsiv","category-gundem","category-son-dakika"],"_links":{"self":[{"href":"https:\/\/eskigazeteci.com\/index.php?rest_route=\/wp\/v2\/posts\/1110","targetHints":{"allow":["GET"]}}],"collection":[{"href":"https:\/\/eskigazeteci.com\/index.php?rest_route=\/wp\/v2\/posts"}],"about":[{"href":"https:\/\/eskigazeteci.com\/index.php?rest_route=\/wp\/v2\/types\/post"}],"author":[{"embeddable":true,"href":"https:\/\/eskigazeteci.com\/index.php?rest_route=\/wp\/v2\/users\/2"}],"replies":[{"embeddable":true,"href":"https:\/\/eskigazeteci.com\/index.php?rest_route=%2Fwp%2Fv2%2Fcomments&post=1110"}],"version-history":[{"count":0,"href":"https:\/\/eskigazeteci.com\/index.php?rest_route=\/wp\/v2\/posts\/1110\/revisions"}],"wp:featuredmedia":[{"embeddable":true,"href":"https:\/\/eskigazeteci.com\/index.php?rest_route=\/wp\/v2\/media\/1109"}],"wp:attachment":[{"href":"https:\/\/eskigazeteci.com\/index.php?rest_route=%2Fwp%2Fv2%2Fmedia&parent=1110"}],"wp:term":[{"taxonomy":"category","embeddable":true,"href":"https:\/\/eskigazeteci.com\/index.php?rest_route=%2Fwp%2Fv2%2Fcategories&post=1110"},{"taxonomy":"post_tag","embeddable":true,"href":"https:\/\/eskigazeteci.com\/index.php?rest_route=%2Fwp%2Fv2%2Ftags&post=1110"}],"curies":[{"name":"wp","href":"https:\/\/api.w.org\/{rel}","templated":true}]}}