{"id":1108,"date":"2026-02-11T06:52:04","date_gmt":"2026-02-11T06:52:04","guid":{"rendered":"https:\/\/eskigazeteci.com\/?p=1108"},"modified":"2026-02-11T06:52:04","modified_gmt":"2026-02-11T06:52:04","slug":"serenay-sarikaya-bagimsiz-filmde-oynayacak","status":"publish","type":"post","link":"https:\/\/eskigazeteci.com\/?p=1108","title":{"rendered":"Serenay Sar\u0131kaya Ba\u011f\u0131ms\u0131z Filmde Oynayacak"},"content":{"rendered":"<p>Serenay Sar\u0131kaya, bir sinema filmi ile reklam filmlerinin yan\u0131 s\u0131ra &#x27;\u00d6l\u00fc Mevsim&#x27; filmiyle tan\u0131nan y\u00f6netmen Do\u011fu\u015f Alg\u00fcn&#x27;un yeni projesi i\u00e7in kamera kar\u015f\u0131s\u0131na ge\u00e7ecektir. \u00dcnl\u00fc oyuncu, Adana Film Festivali&#x27;de ilk kez tan\u0131\u015ft\u0131\u011f\u0131 bir y\u00f6netmen ile \u00f6nceki y\u0131l j\u00fcri \u00fcyeli\u011fi tecr\u00fcbesine sahip olan Do\u011fu\u015f Alg\u00fcn&#x27;\u00fcn yeni projesini destekleyecek. &#x27;Sevdi\u011fim \u0130nsanlar&#x27;, Oynayan Serenay Sar\u0131kaya&#x27;n\u0131n Adana Film Festivali&#x27;deki ilk kez oldu\u011fu bir y\u00f6netmen ile ili\u015fkilendirilmi\u015ftir.<\/p>\n","protected":false},"excerpt":{"rendered":"<p>\u00d6l\u00fc Mevsim filmini tan\u0131nan Do\u011fu\u015f Alg\u00fcn&#8217;\u00fcn yeni projesidir.<\/p>\n","protected":false},"author":2,"featured_media":1107,"comment_status":"open","ping_status":"open","sticky":false,"template":"","format":"standard","meta":{"footnotes":""},"categories":[8,6,5],"tags":[],"class_list":["post-1108","post","type-post","status-publish","format-standard","has-post-thumbnail","hentry","category-arsiv","category-gundem","category-son-dakika"],"_links":{"self":[{"href":"https:\/\/eskigazeteci.com\/index.php?rest_route=\/wp\/v2\/posts\/1108","targetHints":{"allow":["GET"]}}],"collection":[{"href":"https:\/\/eskigazeteci.com\/index.php?rest_route=\/wp\/v2\/posts"}],"about":[{"href":"https:\/\/eskigazeteci.com\/index.php?rest_route=\/wp\/v2\/types\/post"}],"author":[{"embeddable":true,"href":"https:\/\/eskigazeteci.com\/index.php?rest_route=\/wp\/v2\/users\/2"}],"replies":[{"embeddable":true,"href":"https:\/\/eskigazeteci.com\/index.php?rest_route=%2Fwp%2Fv2%2Fcomments&post=1108"}],"version-history":[{"count":0,"href":"https:\/\/eskigazeteci.com\/index.php?rest_route=\/wp\/v2\/posts\/1108\/revisions"}],"wp:featuredmedia":[{"embeddable":true,"href":"https:\/\/eskigazeteci.com\/index.php?rest_route=\/wp\/v2\/media\/1107"}],"wp:attachment":[{"href":"https:\/\/eskigazeteci.com\/index.php?rest_route=%2Fwp%2Fv2%2Fmedia&parent=1108"}],"wp:term":[{"taxonomy":"category","embeddable":true,"href":"https:\/\/eskigazeteci.com\/index.php?rest_route=%2Fwp%2Fv2%2Fcategories&post=1108"},{"taxonomy":"post_tag","embeddable":true,"href":"https:\/\/eskigazeteci.com\/index.php?rest_route=%2Fwp%2Fv2%2Ftags&post=1108"}],"curies":[{"name":"wp","href":"https:\/\/api.w.org\/{rel}","templated":true}]}}