{"id":1100,"date":"2026-02-11T06:45:12","date_gmt":"2026-02-11T06:45:12","guid":{"rendered":"https:\/\/eskigazeteci.com\/?p=1100"},"modified":"2026-02-11T06:45:12","modified_gmt":"2026-02-11T06:45:12","slug":"trabzonsporda-gozler-fenerbahce-derbisine-cevrildi","status":"publish","type":"post","link":"https:\/\/eskigazeteci.com\/?p=1100","title":{"rendered":"Trabzonspor&#8217;da g\u00f6zler Fenerbah\u00e7e derbisine \u00e7evrildi!"},"content":{"rendered":"<p>Trabzonspor\u2019da h\u00fccum hatt\u0131 fark yarat\u0131yor. Bordo-mavililer, ligde geride kalan 21 ma\u00e7l\u0131k b\u00f6l\u00fcmde toplad\u0131\u011f\u0131 45 puanla \u015fampiyonluk ya\u015fad\u0131\u011f\u0131 sezonun ard\u0131ndan (50 puan) en iyi d\u00f6nemlerinden birini ge\u00e7irirken, rakip fileleri de 41 kez havaland\u0131rd\u0131. Bu gollerin 33\u2019\u00fc ise tak\u0131m\u0131n \u00fc\u00e7 y\u0131ld\u0131z isminden geldi.<\/p>\n<p>Gol krall\u0131\u011f\u0131 yar\u0131\u015f\u0131nda 15 golle zirveyi payla\u015fan Paul Onuachu, h\u00fccumdaki liderli\u011fini s\u00fcrd\u00fcr\u00fcrken; Ernest Mu\u00e7i ve Felipe Augusto da 9\u2019ar golle skora \u00f6nemli katk\u0131 sa\u011flad\u0131. Onuachu\u2013Mu\u00e7i\u2013Augusto \u00fc\u00e7l\u00fcs\u00fc, ligdeki 13 tak\u0131mdan daha fazla gol atarak dikkat \u00e7ekti. Galatasaray (50) ve Fenerbah\u00e7e \u2019nin (48) ard\u0131ndan bu \u00fc\u00e7l\u00fcy\u00fc ge\u00e7ebilen ekipler yaln\u0131zca Be\u015fikta\u015f (37) ve Ba\u015fak\u015fehir (36) oldu.<\/p>\n<p>Trabzonspor\u2019un \u201c13 tak\u0131ma bedel\u201d olarak nitelendirilen bu \u00fc\u00e7 oyuncusu, performanslar\u0131yla fark yarat\u0131rken teknik direkt\u00f6r Fatih Tekke de derbi \u00f6ncesi h\u00fccumdaki en b\u00fcy\u00fck kozunu bu isimler olarak g\u00f6r\u00fcyor. Derbide Onuachu\u2019nun ileri u\u00e7ta g\u00f6rev almas\u0131 beklenirken, Mu\u00e7i\u2019nin forvet arkas\u0131nda sahaya \u00e7\u0131kmas\u0131 planlan\u0131yor. Augusto\u2019nun ise Zubkov\u2019un durumuna g\u00f6re sa\u011f kanatta forma giymesi bekleniyor. Trabzonspor\u2019un y\u0131ld\u0131zlar\u0131, art\u0131k cumartesi g\u00fcn\u00fc oynanacak Fenerbah\u00e7e derbisine kilitlendi.<\/p>\n<p>\u00d6zellikle son haftalarda Ernest&#8230;<\/p>\n","protected":false},"excerpt":{"rendered":"<p>Trabzonspor\u2019da derbi mesaisi t\u00fcm h\u0131z\u0131yla s\u00fcrerken, Onuachu, Mu\u00e7i ve Augusto \u00fc\u00e7l\u00fcs\u00fc son haftalardaki formunu derbide de sahaya ta\u015f\u0131maya haz\u0131rlan\u0131yor.<\/p>\n","protected":false},"author":2,"featured_media":1099,"comment_status":"open","ping_status":"open","sticky":false,"template":"","format":"standard","meta":{"footnotes":""},"categories":[8,5,7],"tags":[],"class_list":["post-1100","post","type-post","status-publish","format-standard","has-post-thumbnail","hentry","category-arsiv","category-son-dakika","category-spor"],"_links":{"self":[{"href":"https:\/\/eskigazeteci.com\/index.php?rest_route=\/wp\/v2\/posts\/1100","targetHints":{"allow":["GET"]}}],"collection":[{"href":"https:\/\/eskigazeteci.com\/index.php?rest_route=\/wp\/v2\/posts"}],"about":[{"href":"https:\/\/eskigazeteci.com\/index.php?rest_route=\/wp\/v2\/types\/post"}],"author":[{"embeddable":true,"href":"https:\/\/eskigazeteci.com\/index.php?rest_route=\/wp\/v2\/users\/2"}],"replies":[{"embeddable":true,"href":"https:\/\/eskigazeteci.com\/index.php?rest_route=%2Fwp%2Fv2%2Fcomments&post=1100"}],"version-history":[{"count":0,"href":"https:\/\/eskigazeteci.com\/index.php?rest_route=\/wp\/v2\/posts\/1100\/revisions"}],"wp:featuredmedia":[{"embeddable":true,"href":"https:\/\/eskigazeteci.com\/index.php?rest_route=\/wp\/v2\/media\/1099"}],"wp:attachment":[{"href":"https:\/\/eskigazeteci.com\/index.php?rest_route=%2Fwp%2Fv2%2Fmedia&parent=1100"}],"wp:term":[{"taxonomy":"category","embeddable":true,"href":"https:\/\/eskigazeteci.com\/index.php?rest_route=%2Fwp%2Fv2%2Fcategories&post=1100"},{"taxonomy":"post_tag","embeddable":true,"href":"https:\/\/eskigazeteci.com\/index.php?rest_route=%2Fwp%2Fv2%2Ftags&post=1100"}],"curies":[{"name":"wp","href":"https:\/\/api.w.org\/{rel}","templated":true}]}}