{"id":110,"date":"2026-02-09T09:23:33","date_gmt":"2026-02-09T09:23:33","guid":{"rendered":"https:\/\/eskigazeteci.com\/?p=110"},"modified":"2026-02-09T09:23:33","modified_gmt":"2026-02-09T09:23:33","slug":"haber-30","status":"publish","type":"post","link":"https:\/\/eskigazeteci.com\/?p=110","title":{"rendered":"Haber"},"content":{"rendered":"<p>\u0130zmir Cumhuriyet Ba\u015fsavc\u0131l\u0131\u011f\u0131 taraf\u0131ndan y\u00fcr\u00fct\u00fclen soru\u015fturmada, Buca Belediyesi&#x27;nde r\u00fc\u015fvet kar\u015f\u0131l\u0131\u011f\u0131nda \u00e7e\u015fitli imar ve planlarda mevzuata ayk\u0131r\u0131 yerlerin usule uygunmu\u015f gibi ruhsatland\u0131r\u0131ld\u0131\u011f\u0131 ve bu yolla menfaat sa\u011fland\u0131\u011f\u0131n\u0131n tespit edildi\u011fi belirtildi. Bu kapsamda 2 \u015eubat&#x27;ta, haklar\u0131nda g\u00f6zalt\u0131 karar\u0131 verilen 28 \u015f\u00fcpheliye y\u00f6nelik operasyonda, Buca Belediyesi Ruhsat ve Denetim M\u00fcd\u00fcr\u00fc \u0130.B.&#x27;nin de aralar\u0131nda bulundu\u011fu 26 \u015f\u00fcpheli g\u00f6zalt\u0131na al\u0131nd\u0131. Yurt d\u0131\u015f\u0131nda oldu\u011fu belirlenen 1 ki\u015fiyle birlikte toplam 2 \u015f\u00fcpheliyi yakalamaya y\u00f6nelik \u00e7al\u0131\u015fmalar\u0131n s\u00fcrd\u00fc\u011f\u00fc bildirildi.<\/p>\n<p>\u0130zmir Emniyet M\u00fcd\u00fcrl\u00fc\u011f\u00fc Mali Su\u00e7larla M\u00fccadele \u015eube M\u00fcd\u00fcrl\u00fc\u011f\u00fc&#x27;nde i\u015flemleri tamamlanan 26 \u015f\u00fcpheli, emniyetteki i\u015flemleri tamamlan\u0131nca, bu sabah saatlerinde adliyeye sevk edildi. (DHA)<\/p>\n<p>T\u00fcrkiye g\u00fcndeminden son dakika haberleri, bug\u00fcn ya\u015fanan en son geli\u015fmeler, siyaset g\u00fcndeminden g\u00fcncel haberler ve b\u00fct\u00fcn son dakika haberleri i\u00e7in H\u00fcrriyet&#x27;in internet haber sitesi hurriyet.com.tr; Hurriyet.com.tr haber i\u00e7erikleri kaynak g\u00f6sterilmeden al\u0131nt\u0131 yap\u0131lamaz, Kanuna ayk\u0131r\u0131 ve izinsiz olarak kopyalanamaz, ba\u015fka yerde yay\u0131nlanamaz.<\/p>\n","protected":false},"excerpt":{"rendered":"<p>\u0130ZM\u0130R&#8217;de, Buca Belediyesi&#8217;ne y\u00f6nelik y\u00fcr\u00fct\u00fclen r\u00fc\u015fvet soru\u015fturmas\u0131 kapsam\u0131nda, Buca Belediyesi Ruhsat ve Denetim M\u00fcd\u00fcr\u00fc \u0130.B.&#8217;nin de aralar\u0131nda bulundu\u011fu 26&#8230;<\/p>\n","protected":false},"author":2,"featured_media":109,"comment_status":"open","ping_status":"open","sticky":false,"template":"","format":"standard","meta":{"footnotes":""},"categories":[8,3],"tags":[],"class_list":["post-110","post","type-post","status-publish","format-standard","has-post-thumbnail","hentry","category-arsiv","category-siyaset"],"_links":{"self":[{"href":"https:\/\/eskigazeteci.com\/index.php?rest_route=\/wp\/v2\/posts\/110","targetHints":{"allow":["GET"]}}],"collection":[{"href":"https:\/\/eskigazeteci.com\/index.php?rest_route=\/wp\/v2\/posts"}],"about":[{"href":"https:\/\/eskigazeteci.com\/index.php?rest_route=\/wp\/v2\/types\/post"}],"author":[{"embeddable":true,"href":"https:\/\/eskigazeteci.com\/index.php?rest_route=\/wp\/v2\/users\/2"}],"replies":[{"embeddable":true,"href":"https:\/\/eskigazeteci.com\/index.php?rest_route=%2Fwp%2Fv2%2Fcomments&post=110"}],"version-history":[{"count":0,"href":"https:\/\/eskigazeteci.com\/index.php?rest_route=\/wp\/v2\/posts\/110\/revisions"}],"wp:featuredmedia":[{"embeddable":true,"href":"https:\/\/eskigazeteci.com\/index.php?rest_route=\/wp\/v2\/media\/109"}],"wp:attachment":[{"href":"https:\/\/eskigazeteci.com\/index.php?rest_route=%2Fwp%2Fv2%2Fmedia&parent=110"}],"wp:term":[{"taxonomy":"category","embeddable":true,"href":"https:\/\/eskigazeteci.com\/index.php?rest_route=%2Fwp%2Fv2%2Fcategories&post=110"},{"taxonomy":"post_tag","embeddable":true,"href":"https:\/\/eskigazeteci.com\/index.php?rest_route=%2Fwp%2Fv2%2Ftags&post=110"}],"curies":[{"name":"wp","href":"https:\/\/api.w.org\/{rel}","templated":true}]}}