{"id":1098,"date":"2026-02-11T06:43:40","date_gmt":"2026-02-11T06:43:40","guid":{"rendered":"https:\/\/eskigazeteci.com\/?p=1098"},"modified":"2026-02-11T06:43:40","modified_gmt":"2026-02-11T06:43:40","slug":"danla-bilice-tokada-5-ay-hapis","status":"publish","type":"post","link":"https:\/\/eskigazeteci.com\/?p=1098","title":{"rendered":"Danla Bilic&#8217;e tokada 5 ay hapis"},"content":{"rendered":"<p>Sosyal medya fenomeni Danla Bilic\u2019in eski sevgilisi Berk \u00c7etin\u2019e a\u00e7t\u0131\u011f\u0131 dava karara ba\u011fland\u0131. Berk \u00c7etin taraf\u0131ndan bir kafede darp edilen Danla Bilic, mek\u00e2n \u00e7al\u0131\u015fanlar\u0131n\u0131n araya girmesiyle kurtulmu\u015f, ard\u0131ndan savc\u0131l\u0131\u011fa ba\u015fvurarak \u015fik\u00e2yet\u00e7i olmu\u015ftu. Soru\u015fturma kapsam\u0131nda ifade veren \u00c7etin, Bilic\u2019i sadece itekledi\u011fini belirtmi\u015fti. Adli t\u0131p raporunda da Bilic\u2019in yaralanmas\u0131n\u0131n basit t\u0131bbi m\u00fcdahale ile giderilebilece\u011fi ifade edilmi\u015fti. Soru\u015fturma sonucu Berk \u00c7etin hakk\u0131nda \u2018kad\u0131na kar\u015f\u0131 basit yaralama\u2019 su\u00e7undan 1.5 y\u0131la kadar hapis istemiyle dava a\u00e7\u0131lm\u0131\u015ft\u0131.<\/p>\n<p>\u2018HATA YAPTIM P\u0130\u015eMANIM\u2019<\/p>\n<p>\u0130stanbul 29\u2019uncu Asliye Ceza Mahkemesi \u2019nde g\u00f6r\u00fclen duru\u015fmaya Berk \u00c7etin ve avukat\u0131 kat\u0131ld\u0131. Danla Bilic ise duru\u015fmaya gelmedi, fenomeni avukat\u0131 Kaan \u00c7etinkaya temsil etti.<\/p>\n<p>Duru\u015fmada s\u00f6z alan Kaan \u00c7etinkaya, \u201cBerk \u00c7etin\u2019in m\u00fcvekkilin y\u00fcz\u00fcne tokat att\u0131\u011f\u0131 ve kafede yaralad\u0131\u011f\u0131na ili\u015fkin g\u00f6r\u00fcnt\u00fcler bas\u0131nda da yer alm\u0131\u015ft\u0131r. Su\u00e7un sabit oldu\u011fu gerek\u00e7esiyle, aksi de kan\u0131tlanamad\u0131\u011f\u0131 i\u00e7in Berk \u00c7etin\u2019in cezaland\u0131r\u0131lmas\u0131n\u0131 istiyoruz\u201d dedi.<\/p>\n<p>Savunma yapan san\u0131k Berk \u00c7etin ise \u201cYapmamam gereken bir \u015feydi. Bir hata yapt\u0131m, pi\u015fman\u0131m. Beraatimi istiyorum\u201d diye konu\u015ftu. Karar\u0131n\u0131 a\u00e7\u0131klayan mahkeme, Berk \u00c7etin\u2019i \u2018kad\u0131na&#8230;<\/p>\n","protected":false},"excerpt":{"rendered":"<p>Danla Bilic\u2019i darp etti\u011fi iddias\u0131yla yarg\u0131lanan eski sevgilisi Berk \u00c7etin, \u2018kad\u0131na kar\u015f\u0131 basit yaralama\u2019 su\u00e7undan 5 ay hapis cezas\u0131na \u00e7arpt\u0131r\u0131ld\u0131. Mahkeme&#8230;<\/p>\n","protected":false},"author":2,"featured_media":1097,"comment_status":"open","ping_status":"open","sticky":false,"template":"","format":"standard","meta":{"footnotes":""},"categories":[8,6,5],"tags":[],"class_list":["post-1098","post","type-post","status-publish","format-standard","has-post-thumbnail","hentry","category-arsiv","category-gundem","category-son-dakika"],"_links":{"self":[{"href":"https:\/\/eskigazeteci.com\/index.php?rest_route=\/wp\/v2\/posts\/1098","targetHints":{"allow":["GET"]}}],"collection":[{"href":"https:\/\/eskigazeteci.com\/index.php?rest_route=\/wp\/v2\/posts"}],"about":[{"href":"https:\/\/eskigazeteci.com\/index.php?rest_route=\/wp\/v2\/types\/post"}],"author":[{"embeddable":true,"href":"https:\/\/eskigazeteci.com\/index.php?rest_route=\/wp\/v2\/users\/2"}],"replies":[{"embeddable":true,"href":"https:\/\/eskigazeteci.com\/index.php?rest_route=%2Fwp%2Fv2%2Fcomments&post=1098"}],"version-history":[{"count":0,"href":"https:\/\/eskigazeteci.com\/index.php?rest_route=\/wp\/v2\/posts\/1098\/revisions"}],"wp:featuredmedia":[{"embeddable":true,"href":"https:\/\/eskigazeteci.com\/index.php?rest_route=\/wp\/v2\/media\/1097"}],"wp:attachment":[{"href":"https:\/\/eskigazeteci.com\/index.php?rest_route=%2Fwp%2Fv2%2Fmedia&parent=1098"}],"wp:term":[{"taxonomy":"category","embeddable":true,"href":"https:\/\/eskigazeteci.com\/index.php?rest_route=%2Fwp%2Fv2%2Fcategories&post=1098"},{"taxonomy":"post_tag","embeddable":true,"href":"https:\/\/eskigazeteci.com\/index.php?rest_route=%2Fwp%2Fv2%2Ftags&post=1098"}],"curies":[{"name":"wp","href":"https:\/\/api.w.org\/{rel}","templated":true}]}}