{"id":1096,"date":"2026-02-11T06:42:08","date_gmt":"2026-02-11T06:42:08","guid":{"rendered":"https:\/\/eskigazeteci.com\/?p=1096"},"modified":"2026-02-11T06:42:08","modified_gmt":"2026-02-11T06:42:08","slug":"ilk-teravih-ne-zaman-2026-ramazan-ayinin-ilk-teravih-namazi-ne-zaman-hangi-gun-kilinacak","status":"publish","type":"post","link":"https:\/\/eskigazeteci.com\/?p=1096","title":{"rendered":"\u0130LK TERAV\u0130H NE ZAMAN 2026? Ramazan ay\u0131n\u0131n ilk teravih namaz\u0131 ne zaman, hangi g\u00fcn k\u0131l\u0131nacak?"},"content":{"rendered":"<p>Namaz vakitlerini H\u00fcrriyet uygulamas\u0131 ile takip edin!<\/p>\n<p>H\u00fcrriyet App<\/p>\n<p>Web<\/p>\n<p>Teravih namaz\u0131 saatleri ve k\u0131l\u0131n\u0131\u015f\u0131, Ramazan ay\u0131n\u0131n da gelmesiyle yo\u011fun olarak ara\u015ft\u0131r\u0131l\u0131yor. Teravih namaz\u0131 cemaatle mi k\u0131l\u0131n\u0131r, ka\u00e7 rekat sorusu ara\u015ft\u0131r\u0131lan konular aras\u0131nda. Ter\u00e2v\u00eeh namaz\u0131 Ramazan ay\u0131nda, yats\u0131 namaz\u0131ndan sonra sabah namaz\u0131 vaktine (fecrin do\u011fu\u015funa) kadar k\u0131l\u0131nabilen n\u00e2file namaz\u0131d\u0131r. Bu sene \u0130lk sahura 18 \u015eubat \u00c7ar\u015famba g\u00fcn\u00fcn\u00fc 19 \u015eubat Per\u015fembe&#x27;ye ba\u011flayan gece kalk\u0131lacak. Peki, 2026 Ramazan ay\u0131 ilk teravih namaz\u0131 hangi g\u00fcn, ne zaman k\u0131l\u0131nacak? Teravih namaz\u0131 tek k\u0131l\u0131n\u0131r m\u0131, cemaatle mi k\u0131l\u0131n\u0131r? \u0130\u015fte teravih namaz\u0131 tarihi&#8230;<\/p>\n<p>Diyanet \u0130\u015fleri Ba\u015fkanl\u0131\u011f\u0131&#x27;n\u0131n 2026 Dini G\u00fcnler Takvimine g\u00f6re; 2026 y\u0131l\u0131nda ilk teravih namaz\u0131, 18 \u015eubat 2026 \u00c7ar\u015famba ak\u015fam\u0131 yats\u0131 namaz\u0131n\u0131n ard\u0131ndan camilerde eda edilecek<\/p>\n<p>Hadisi \u015feriflerde ramazan gecelerinin ihyas\u0131 olarak nitelendirilen bu namaza d\u00f6rt rek\u2018atta bir dinlenme amac\u0131yla biraz araverildi\u011finden &quot;ter\u00e2v\u00eeh&quot; denmi\u015ftir. Res\u00fbl-i Ekrem (s.a.s.) ashab\u0131yla beraber cemaat h\u00e2linde bu namaz\u0131 k\u0131lm\u0131\u015f, onlar\u0131n i\u015ftiyak\u0131n\u0131 g\u00f6r\u00fcnce farz olur endi\u015fesiyle cemaatle k\u0131lmay\u0131 terk ederek yaln\u0131z k\u0131lmaya devam etmi\u015ftir (Buh\u00e2r\u00ee, Sal\u00e2t\u00fc\u2019t-ter\u00e2v\u00eeh, 1 [2012]; M\u00fcslim,&#8230;<\/p>\n","protected":false},"excerpt":{"rendered":"<p>\u0130lk teravih namaz\u0131 saati, 2026 Ramazan ay\u0131n\u0131n gelmesiyle ara\u015ft\u0131r\u0131l\u0131yor. On bir ay\u0131n sultan\u0131 Ramazan&#8217;da ibadetler yerine getirilecek. Bu ba\u011flamda Teravih&#8230;<\/p>\n","protected":false},"author":2,"featured_media":1095,"comment_status":"open","ping_status":"open","sticky":false,"template":"","format":"standard","meta":{"footnotes":""},"categories":[8,6,5],"tags":[],"class_list":["post-1096","post","type-post","status-publish","format-standard","has-post-thumbnail","hentry","category-arsiv","category-gundem","category-son-dakika"],"_links":{"self":[{"href":"https:\/\/eskigazeteci.com\/index.php?rest_route=\/wp\/v2\/posts\/1096","targetHints":{"allow":["GET"]}}],"collection":[{"href":"https:\/\/eskigazeteci.com\/index.php?rest_route=\/wp\/v2\/posts"}],"about":[{"href":"https:\/\/eskigazeteci.com\/index.php?rest_route=\/wp\/v2\/types\/post"}],"author":[{"embeddable":true,"href":"https:\/\/eskigazeteci.com\/index.php?rest_route=\/wp\/v2\/users\/2"}],"replies":[{"embeddable":true,"href":"https:\/\/eskigazeteci.com\/index.php?rest_route=%2Fwp%2Fv2%2Fcomments&post=1096"}],"version-history":[{"count":0,"href":"https:\/\/eskigazeteci.com\/index.php?rest_route=\/wp\/v2\/posts\/1096\/revisions"}],"wp:featuredmedia":[{"embeddable":true,"href":"https:\/\/eskigazeteci.com\/index.php?rest_route=\/wp\/v2\/media\/1095"}],"wp:attachment":[{"href":"https:\/\/eskigazeteci.com\/index.php?rest_route=%2Fwp%2Fv2%2Fmedia&parent=1096"}],"wp:term":[{"taxonomy":"category","embeddable":true,"href":"https:\/\/eskigazeteci.com\/index.php?rest_route=%2Fwp%2Fv2%2Fcategories&post=1096"},{"taxonomy":"post_tag","embeddable":true,"href":"https:\/\/eskigazeteci.com\/index.php?rest_route=%2Fwp%2Fv2%2Ftags&post=1096"}],"curies":[{"name":"wp","href":"https:\/\/api.w.org\/{rel}","templated":true}]}}