{"id":1094,"date":"2026-02-11T06:33:39","date_gmt":"2026-02-11T06:33:39","guid":{"rendered":"https:\/\/eskigazeteci.com\/?p=1094"},"modified":"2026-02-11T06:33:39","modified_gmt":"2026-02-11T06:33:39","slug":"ak-parti-81-ilde-vatandaslarla-iftar-sofralarinda-bulusacak","status":"publish","type":"post","link":"https:\/\/eskigazeteci.com\/?p=1094","title":{"rendered":"AK Parti, 81 ilde vatanda\u015flarla iftar sofralar\u0131nda bulu\u015facak"},"content":{"rendered":"<p>Genel Ba\u015fkan Yard\u0131mc\u0131s\u0131 ve Te\u015fkilat Ba\u015fkan\u0131 Ahmet B\u00fcy\u00fckg\u00fcm\u00fc\u015f, ramazana \u00f6zel haz\u0131rlad\u0131klar\u0131 \u00e7al\u0131\u015fma program\u0131n\u0131 partisinin Merkez Y\u00fcr\u00fctme Kurulu (MYK) Toplant\u0131s\u0131&#x27;nda, Cumhurba\u015fkan\u0131 ve AK Parti Genel Ba\u015fkan\u0131 Recep Tayyip Erdo\u011fan&#x27;a sundu. Sunumun ard\u0131ndan ramazan programlar\u0131n\u0131n onaylanarak hayata ge\u00e7irilmesi kararla\u015ft\u0131r\u0131ld\u0131.<\/p>\n<p>AK Parti&#x27;nin ramazan programlar\u0131 &quot;Niyetimiz Bir, \u0130nanc\u0131m\u0131z Bir, Yolumuz Bir&quot; slogan\u0131yla y\u00fcr\u00fct\u00fclecek.<\/p>\n<p>Program kapsam\u0131nda 6 \u015eubat depremlerinin ard\u0131ndan kal\u0131c\u0131 konutlar\u0131na yerle\u015fen vatanda\u015flarla &quot;Yeni Evim, \u0130lk \u0130ftar\u0131m&quot; programlar\u0131 d\u00fczenlenecek. Bu kapsamda deprem sonras\u0131 konutlar\u0131 tamamlanarak teslim edilen ailelerle ilk iftar sofralar\u0131 kurulacak, ramazan bereketi ve dayan\u0131\u015fma ayn\u0131 sofrada payla\u015f\u0131lacak.<\/p>\n<p>EVL\u0130L\u0130K KRED\u0130S\u0130 DESTE\u011e\u0130NDEN YARARLANAN GEN\u00c7 \u00c7\u0130FTLER EVLER\u0130NDE Z\u0130YARET ED\u0130LECEK<\/p>\n<p>Ramazan s\u00fcresince AK Parti MYK ve MKYK \u00fcyeleri, bakanlar, milletvekilleri ve yerel te\u015fkilat mensuplar\u0131n\u0131n kat\u0131l\u0131m\u0131yla 81 ilde \u00e7e\u015fitli ziyaret ve programlar ger\u00e7ekle\u015ftirilecek.<\/p>\n<p>&quot;G\u00f6n\u00fcl Sofralar\u0131&quot; programlar\u0131 kapsam\u0131nda \u015fehit yak\u0131nlar\u0131 , gaziler, engelliler, yetim \u00e7ocuklar ve ihtiya\u00e7 sahipleriyle iftar bulu\u015fmalar\u0131 d\u00fczenlenecek.<\/p>\n<p>Yetim \u00e7ocuklara y\u00f6nelik \u00f6zel iftar programlar\u0131n\u0131n yan\u0131&#8230;<\/p>\n","protected":false},"excerpt":{"rendered":"<p>AK Parti Te\u015fkilat Ba\u015fkanl\u0131\u011f\u0131nca ramazan ay\u0131na \u00f6zel haz\u0131rlanan program kapsam\u0131nda T\u00fcrkiye genelinde vatanda\u015flar\u0131n evlerine misafir olunacak, talepler ve&#8230;<\/p>\n","protected":false},"author":2,"featured_media":1093,"comment_status":"open","ping_status":"open","sticky":false,"template":"","format":"standard","meta":{"footnotes":""},"categories":[8,6,5],"tags":[],"class_list":["post-1094","post","type-post","status-publish","format-standard","has-post-thumbnail","hentry","category-arsiv","category-gundem","category-son-dakika"],"_links":{"self":[{"href":"https:\/\/eskigazeteci.com\/index.php?rest_route=\/wp\/v2\/posts\/1094","targetHints":{"allow":["GET"]}}],"collection":[{"href":"https:\/\/eskigazeteci.com\/index.php?rest_route=\/wp\/v2\/posts"}],"about":[{"href":"https:\/\/eskigazeteci.com\/index.php?rest_route=\/wp\/v2\/types\/post"}],"author":[{"embeddable":true,"href":"https:\/\/eskigazeteci.com\/index.php?rest_route=\/wp\/v2\/users\/2"}],"replies":[{"embeddable":true,"href":"https:\/\/eskigazeteci.com\/index.php?rest_route=%2Fwp%2Fv2%2Fcomments&post=1094"}],"version-history":[{"count":0,"href":"https:\/\/eskigazeteci.com\/index.php?rest_route=\/wp\/v2\/posts\/1094\/revisions"}],"wp:featuredmedia":[{"embeddable":true,"href":"https:\/\/eskigazeteci.com\/index.php?rest_route=\/wp\/v2\/media\/1093"}],"wp:attachment":[{"href":"https:\/\/eskigazeteci.com\/index.php?rest_route=%2Fwp%2Fv2%2Fmedia&parent=1094"}],"wp:term":[{"taxonomy":"category","embeddable":true,"href":"https:\/\/eskigazeteci.com\/index.php?rest_route=%2Fwp%2Fv2%2Fcategories&post=1094"},{"taxonomy":"post_tag","embeddable":true,"href":"https:\/\/eskigazeteci.com\/index.php?rest_route=%2Fwp%2Fv2%2Ftags&post=1094"}],"curies":[{"name":"wp","href":"https:\/\/api.w.org\/{rel}","templated":true}]}}