{"id":1092,"date":"2026-02-11T06:32:07","date_gmt":"2026-02-11T06:32:07","guid":{"rendered":"https:\/\/eskigazeteci.com\/?p=1092"},"modified":"2026-02-11T06:32:07","modified_gmt":"2026-02-11T06:32:07","slug":"abye-siber-saldiri-9-saat-icinde-temizlendi","status":"publish","type":"post","link":"https:\/\/eskigazeteci.com\/?p=1092","title":{"rendered":"AB&#8217;ye siber sald\u0131r\u0131: 9 saat i\u00e7inde temizlendi"},"content":{"rendered":"<p>Avrupa Birli\u011fi (AB) Komisyonu, mobil altyap\u0131s\u0131na y\u00f6nelik siber sald\u0131r\u0131 yap\u0131ld\u0131\u011f\u0131n\u0131 ve olay\u0131n k\u0131sa s\u00fcrede kontrol alt\u0131na al\u0131nd\u0131\u011f\u0131n\u0131 duyurdu.<\/p>\n<p>Komisyondan yap\u0131lan yaz\u0131l\u0131 a\u00e7\u0131klamada, 30 Ocak&#x27;ta merkezi mobil altyap\u0131ya y\u00f6nelik siber sald\u0131r\u0131 d\u00fczenlendi\u011fi kaydedildi.<\/p>\n<p>Sald\u0131r\u0131 sonucunda baz\u0131 personelin isimlerine ve cep telefon numaralar\u0131na eri\u015filmi\u015f olabilece\u011fi belirtilen a\u00e7\u0131klamada, &quot;Komisyonun h\u0131zl\u0131 m\u00fcdahalesi sayesinde olay kontrol alt\u0131na al\u0131nd\u0131 ve sistem 9 saat i\u00e7inde temizlendi.&quot; ifadesi kullan\u0131ld\u0131.<\/p>\n<p>A\u00e7\u0131klamada, mobil cihazlar\u0131n tehlikeye girdi\u011fine dair belirti tespit edilmedi\u011fi aktar\u0131ld\u0131.<\/p>\n<p>Komisyonun i\u00e7 sistemlerin ve verilerin g\u00fcvenli\u011fini ciddiye ald\u0131\u011f\u0131 kaydedilen a\u00e7\u0131klamada, olay\u0131n detayl\u0131 \u015fekilde incelenece\u011fi vurguland\u0131.<\/p>\n<p>A\u00e7\u0131klamada, &quot;Avrupa, temel hizmetlere ve demokratik kurumlara y\u00f6nelik g\u00fcnl\u00fck siber ve hibrit sald\u0131r\u0131larla kar\u015f\u0131 kar\u015f\u0131ya kal\u0131rken Komisyon AB&#x27;nin siber g\u00fcvenlik direncini ve yeteneklerini daha da g\u00fc\u00e7lendirmeye kararl\u0131d\u0131r.&quot; ifadesi kullan\u0131ld\u0131.<\/p>\n<p>AB Komisyonu, AA muhabirinin konu ile ilgili sorusuna hen\u00fcz yan\u0131t vermedi.<\/p>\n<p>Yurtd\u0131\u015f\u0131nda ya\u015fanan en son olaylar, d\u00fcnya g\u00fcndemine oturan d\u0131\u015f haberler, son dakika d\u00fcnya haberleri, di\u011fer d\u00fcnya \u00fclkelerinden g\u00fcncel haberler&#8230;<\/p>\n","protected":false},"excerpt":{"rendered":"<p>Avrupa Birli\u011fi (AB) Komisyonunun, mobil altyap\u0131s\u0131na siber sald\u0131r\u0131 d\u00fczenlendi. Komisyondan yap\u0131lan a\u00e7\u0131klamada, mobil cihazlar\u0131n tehlikeye girdi\u011fine dair&#8230;<\/p>\n","protected":false},"author":2,"featured_media":1091,"comment_status":"open","ping_status":"open","sticky":false,"template":"","format":"standard","meta":{"footnotes":""},"categories":[8,6,5],"tags":[],"class_list":["post-1092","post","type-post","status-publish","format-standard","has-post-thumbnail","hentry","category-arsiv","category-gundem","category-son-dakika"],"_links":{"self":[{"href":"https:\/\/eskigazeteci.com\/index.php?rest_route=\/wp\/v2\/posts\/1092","targetHints":{"allow":["GET"]}}],"collection":[{"href":"https:\/\/eskigazeteci.com\/index.php?rest_route=\/wp\/v2\/posts"}],"about":[{"href":"https:\/\/eskigazeteci.com\/index.php?rest_route=\/wp\/v2\/types\/post"}],"author":[{"embeddable":true,"href":"https:\/\/eskigazeteci.com\/index.php?rest_route=\/wp\/v2\/users\/2"}],"replies":[{"embeddable":true,"href":"https:\/\/eskigazeteci.com\/index.php?rest_route=%2Fwp%2Fv2%2Fcomments&post=1092"}],"version-history":[{"count":0,"href":"https:\/\/eskigazeteci.com\/index.php?rest_route=\/wp\/v2\/posts\/1092\/revisions"}],"wp:featuredmedia":[{"embeddable":true,"href":"https:\/\/eskigazeteci.com\/index.php?rest_route=\/wp\/v2\/media\/1091"}],"wp:attachment":[{"href":"https:\/\/eskigazeteci.com\/index.php?rest_route=%2Fwp%2Fv2%2Fmedia&parent=1092"}],"wp:term":[{"taxonomy":"category","embeddable":true,"href":"https:\/\/eskigazeteci.com\/index.php?rest_route=%2Fwp%2Fv2%2Fcategories&post=1092"},{"taxonomy":"post_tag","embeddable":true,"href":"https:\/\/eskigazeteci.com\/index.php?rest_route=%2Fwp%2Fv2%2Ftags&post=1092"}],"curies":[{"name":"wp","href":"https:\/\/api.w.org\/{rel}","templated":true}]}}