{"id":1090,"date":"2026-02-11T06:13:38","date_gmt":"2026-02-11T06:13:38","guid":{"rendered":"https:\/\/eskigazeteci.com\/?p=1090"},"modified":"2026-02-11T06:13:38","modified_gmt":"2026-02-11T06:13:38","slug":"kolombiya-lideri-petrodan-suikast-aciklamasi-son-2-gunu-kacarak-gecirdim","status":"publish","type":"post","link":"https:\/\/eskigazeteci.com\/?p=1090","title":{"rendered":"Kolombiya lideri Petro&#8217;dan suikast a\u00e7\u0131klamas\u0131: Son 2 g\u00fcn\u00fc ka\u00e7arak ge\u00e7irdim"},"content":{"rendered":"<p>Petro, ABD merkezli X sosyal medya platformundaki payla\u015f\u0131m\u0131nda, selden etkilenen Cordoba y\u00f6netim b\u00f6lgesinin Monteria kentine, kendisine y\u00f6nelik suikast endi\u015fesi nedeniyle gecikmeli gitti\u011fini vurgulad\u0131.<\/p>\n<p>Suikast istihbarat\u0131 \u00fczerine rota de\u011fi\u015fikli\u011fine gitti\u011fini kaydeden Petro, \u015fu ifadeleri kulland\u0131:<\/p>\n<p>&quot;Burada itiraf etmeliyim ki son 2 g\u00fcn\u00fc sevginin kollar\u0131nda de\u011fil, \u00f6ld\u00fcr\u00fclmemek i\u00e7in ka\u00e7arak ge\u00e7irdim. Bu nedenle sabah da inmem gereken yere inemedim. \u00c7\u00fcnk\u00fc helikoptere ate\u015f a\u00e7\u0131laca\u011f\u0131na dair bilgi vard\u0131, \u00fcstelik \u00e7ocuklar\u0131m da yan\u0131mdayd\u0131. Ben de bildi\u011fimi yapt\u0131m, a\u00e7\u0131k denize y\u00f6neldik, 4 saat u\u00e7tuk ve inmemem gereken bir yere indim ama bir \u015fekilde indim.&quot;<\/p>\n<p>Petro, sosyal medya hesab\u0131ndaki payla\u015f\u0131mlar\u0131nda, kentte ger\u00e7ekle\u015ftirdi\u011fi bir gezinti s\u0131ras\u0131nda vatanda\u015flarla \u00e7ektirdi\u011fi baz\u0131 foto\u011fraflara da yer verdi.<\/p>\n<p>2 SAAT GEC\u0130KT\u0130<\/p>\n<p>Yerel medyaya g\u00f6re Petro, selden etkilenen Monteria kentine, Pasifik&#x27;te bulunan Gorgona Adas\u0131 &#x27;ndan hareket etti ve b\u00f6lgeye yakla\u015f\u0131k 2 saat gecikmeli ula\u015ft\u0131.<\/p>\n<p>7 A\u011fustos 2022&#x27;de Cumhurba\u015fkanl\u0131\u011f\u0131 g\u00f6revine ba\u015flayan Petro, kendisine y\u00f6nelik suikast plan\u0131 iddialar\u0131n\u0131 birka\u00e7 kez g\u00fcndeme getirmi\u015f ve bu konuda uyu\u015fturucu \u00f6rg\u00fctlerini i\u015faret etmi\u015fti.<\/p>\n<p>Petro, Eyl\u00fcl 2024\u2019te ise ABD&#8230;<\/p>\n","protected":false},"excerpt":{"rendered":"<p>Kolombiya Cumhurba\u015fkan\u0131 Gustavo Petro, selden etkilenen Karayipler b\u00f6lgesindeki Cordoba eyaletine \u00e7ocuklar\u0131yla birlikte seyahat etti\u011fi helikoptere y\u00f6nelik&#8230;<\/p>\n","protected":false},"author":2,"featured_media":1089,"comment_status":"open","ping_status":"open","sticky":false,"template":"","format":"standard","meta":{"footnotes":""},"categories":[8,6,5],"tags":[],"class_list":["post-1090","post","type-post","status-publish","format-standard","has-post-thumbnail","hentry","category-arsiv","category-gundem","category-son-dakika"],"_links":{"self":[{"href":"https:\/\/eskigazeteci.com\/index.php?rest_route=\/wp\/v2\/posts\/1090","targetHints":{"allow":["GET"]}}],"collection":[{"href":"https:\/\/eskigazeteci.com\/index.php?rest_route=\/wp\/v2\/posts"}],"about":[{"href":"https:\/\/eskigazeteci.com\/index.php?rest_route=\/wp\/v2\/types\/post"}],"author":[{"embeddable":true,"href":"https:\/\/eskigazeteci.com\/index.php?rest_route=\/wp\/v2\/users\/2"}],"replies":[{"embeddable":true,"href":"https:\/\/eskigazeteci.com\/index.php?rest_route=%2Fwp%2Fv2%2Fcomments&post=1090"}],"version-history":[{"count":0,"href":"https:\/\/eskigazeteci.com\/index.php?rest_route=\/wp\/v2\/posts\/1090\/revisions"}],"wp:featuredmedia":[{"embeddable":true,"href":"https:\/\/eskigazeteci.com\/index.php?rest_route=\/wp\/v2\/media\/1089"}],"wp:attachment":[{"href":"https:\/\/eskigazeteci.com\/index.php?rest_route=%2Fwp%2Fv2%2Fmedia&parent=1090"}],"wp:term":[{"taxonomy":"category","embeddable":true,"href":"https:\/\/eskigazeteci.com\/index.php?rest_route=%2Fwp%2Fv2%2Fcategories&post=1090"},{"taxonomy":"post_tag","embeddable":true,"href":"https:\/\/eskigazeteci.com\/index.php?rest_route=%2Fwp%2Fv2%2Ftags&post=1090"}],"curies":[{"name":"wp","href":"https:\/\/api.w.org\/{rel}","templated":true}]}}