{"id":1088,"date":"2026-02-11T06:12:06","date_gmt":"2026-02-11T06:12:06","guid":{"rendered":"https:\/\/eskigazeteci.com\/?p=1088"},"modified":"2026-02-11T06:12:06","modified_gmt":"2026-02-11T06:12:06","slug":"bu-mutlu-iliskinin-oyle-essiz-bir-sirri-var-ki-geceleri-birbirimize-sarilmiyoruz-ayni-yatakta-bile-uyumuyoruz","status":"publish","type":"post","link":"https:\/\/eskigazeteci.com\/?p=1088","title":{"rendered":"Bu mutlu ili\u015fkinin \u00f6yle e\u015fsiz bir s\u0131rr\u0131 var ki: Geceleri birbirimize sar\u0131lm\u0131yoruz&#8230; Ayn\u0131 yatakta bile uyumuyoruz"},"content":{"rendered":"<p>Hatta evlili\u011fe t\u00f6vbe etti\u011fi halde onun kendisine verdi\u011fi ni\u015fan y\u00fcz\u00fc\u011f\u00fcn\u00fc de seve seve parma\u011f\u0131na takm\u0131\u015ft\u0131.<\/p>\n<p>Daha \u00f6nce ba\u015f\u0131ndan iki evlilik ge\u00e7en ama bu kez &quot;turnay\u0131 g\u00f6z\u00fcnden vuran&quot; oyuncu ba\u015far\u0131l\u0131 ili\u015fkisinin s\u0131rr\u0131n\u0131 da a\u00e7\u0131k a\u00e7\u0131k s\u00f6yledi: Ayr\u0131 yataklarda uyumak!<\/p>\n<p>YA\u015eADI\u011eI B\u0130RB\u0130R\u0130NDEN K\u00d6T\u00dc \u0130K\u0130 EVL\u0130L\u0130\u011e\u0130N\u0130 \u00c7OKTAN UNUTTU<\/p>\n<p>Bu ilgin\u00e7 a\u015fk \u00f6yk\u00fcs\u00fcn\u00fcn kahraman\u0131, rol ald\u0131\u011f\u0131 Big Bang Theory adl\u0131 yap\u0131mla tan\u0131nan Kaley Cuoco&#8230;<\/p>\n<p>Oyuncu, \u00fc\u00e7 y\u0131l\u0131 a\u015fk\u0131n s\u00fcredir meslekta\u015f\u0131 Tom Pelphry ile mutlu bir birliktelik ya\u015f\u0131yor. \u0130ki ya\u015f\u0131ndaki k\u0131zlar\u0131 Matilda da bu a\u015fk\u0131n &quot;kremas\u0131&quot; oldu.<\/p>\n<p>Kaley Cuoco, konuk oldu\u011fu \u201cArmchair Expert\u201d adl\u0131 podcast yay\u0131n\u0131nda Pelphrey ile ba\u015far\u0131l\u0131 ili\u015fkisinin s\u0131rr\u0131n\u0131 a\u00e7\u0131klad\u0131.<\/p>\n<p>Ni\u015fanl\u0131s\u0131 Tom ile ayn\u0131 yatakta uyumak yerine ayr\u0131 yataklarda yatt\u0131klar\u0131n\u0131 s\u00f6yledi Cuoco. S\u00f6yledi\u011fine g\u00f6re Tom Pelphrey, geceleri konuk odas\u0131nda uyuyor.<\/p>\n<p>&#x27;BUNU DAHA FAZLA YAPAMAYACA\u011eIM&#x27;<\/p>\n<p>S\u00f6yledi\u011fine g\u00f6re Kaley ile Tom \u00f6nceleri besledikleri kurtarma k\u00f6pekleri ve k\u0131zlar\u0131 Matilda ile birlikte ayn\u0131 yatakta uyuyordu.<\/p>\n<p>Fakat Tom Pelphrey sonunda dayanamad\u0131 ve &quot;Art\u0131k bunu yapamayaca\u011f\u0131m&quot; diyerek konuk odas\u0131na ta\u015f\u0131nd\u0131 geceleri uyumak i\u00e7in.<\/p>\n<p>Cuoco&#x27;nun anlatt\u0131klar\u0131na bak\u0131l\u0131rsa, ni\u015fanl\u0131s\u0131yla farkl\u0131 uyku d\u00fczenlerine sahip&#8230;.<\/p>\n","protected":false},"excerpt":{"rendered":"<p>B\u00fcy\u00fcl\u00fcyd\u00fc, harikayd\u0131&#8230; Sanki melekler \u015fark\u0131 s\u00f6yl\u00fcyordu&#8230; \u00dcnl\u00fc oyuncu hayat\u0131n\u0131n a\u015fk\u0131n\u0131, evlad\u0131n\u0131n babas\u0131n\u0131 ilk g\u00f6rd\u00fc\u011f\u00fcnde neler hissetti\u011fini bu c\u00fcmlelerle&#8230;<\/p>\n","protected":false},"author":2,"featured_media":1087,"comment_status":"open","ping_status":"open","sticky":false,"template":"","format":"standard","meta":{"footnotes":""},"categories":[8,6,5],"tags":[],"class_list":["post-1088","post","type-post","status-publish","format-standard","has-post-thumbnail","hentry","category-arsiv","category-gundem","category-son-dakika"],"_links":{"self":[{"href":"https:\/\/eskigazeteci.com\/index.php?rest_route=\/wp\/v2\/posts\/1088","targetHints":{"allow":["GET"]}}],"collection":[{"href":"https:\/\/eskigazeteci.com\/index.php?rest_route=\/wp\/v2\/posts"}],"about":[{"href":"https:\/\/eskigazeteci.com\/index.php?rest_route=\/wp\/v2\/types\/post"}],"author":[{"embeddable":true,"href":"https:\/\/eskigazeteci.com\/index.php?rest_route=\/wp\/v2\/users\/2"}],"replies":[{"embeddable":true,"href":"https:\/\/eskigazeteci.com\/index.php?rest_route=%2Fwp%2Fv2%2Fcomments&post=1088"}],"version-history":[{"count":0,"href":"https:\/\/eskigazeteci.com\/index.php?rest_route=\/wp\/v2\/posts\/1088\/revisions"}],"wp:featuredmedia":[{"embeddable":true,"href":"https:\/\/eskigazeteci.com\/index.php?rest_route=\/wp\/v2\/media\/1087"}],"wp:attachment":[{"href":"https:\/\/eskigazeteci.com\/index.php?rest_route=%2Fwp%2Fv2%2Fmedia&parent=1088"}],"wp:term":[{"taxonomy":"category","embeddable":true,"href":"https:\/\/eskigazeteci.com\/index.php?rest_route=%2Fwp%2Fv2%2Fcategories&post=1088"},{"taxonomy":"post_tag","embeddable":true,"href":"https:\/\/eskigazeteci.com\/index.php?rest_route=%2Fwp%2Fv2%2Ftags&post=1088"}],"curies":[{"name":"wp","href":"https:\/\/api.w.org\/{rel}","templated":true}]}}