{"id":1086,"date":"2026-02-11T06:02:05","date_gmt":"2026-02-11T06:02:05","guid":{"rendered":"https:\/\/eskigazeteci.com\/?p=1086"},"modified":"2026-02-11T06:02:05","modified_gmt":"2026-02-11T06:02:05","slug":"trumptan-irana-ikinci-filo-tehdidi-netanyahunun-ziyareti-oncesi-yeni-saldiri-tehdidi","status":"publish","type":"post","link":"https:\/\/eskigazeteci.com\/?p=1086","title":{"rendered":"Trump&#8217;tan \u0130ran&#8217;a ikinci filo tehdidi: Netanyahu&#8217;nun ziyareti \u00f6ncesi yeni sald\u0131r\u0131 tehdidi"},"content":{"rendered":"<p>\u0130ran ile s\u00fcren diplomatik m\u00fczakerelerin ba\u015far\u0131s\u0131z olmas\u0131 durumunda Ortado\u011fu &#x27;ya ikinci bir u\u00e7ak gemisi sald\u0131r\u0131 grubu g\u00f6ndermeyi d\u00fc\u015f\u00fcnd\u00fc\u011f\u00fcn\u00fc belirten ABD Ba\u015fkan\u0131 Trump, ya anla\u015fma sa\u011flanaca\u011f\u0131n\u0131 ya da \u0130ran&#x27;a haziran ay\u0131nda oldu\u011fu gibi sert &quot;bir askeri harekat&quot; d\u00fczenlemek zorunda kalacaklar\u0131n\u0131 bildirdi.<\/p>\n<p>Trump, \u0130ran&#x27;\u0131n bu kez askeri tehdit nedeniyle m\u00fczakerelere daha ciddi yakla\u015ft\u0131\u011f\u0131n\u0131 \u00f6ne s\u00fcrerek diplomatik iyimserli\u011fini korudu\u011funu da kaydetti. Trump&#x27;\u0131n a\u00e7\u0131klamas\u0131, \u0130srail Ba\u015fbakan\u0131 Netanyahu&#x27;nun ABD-\u0130ran g\u00f6r\u00fc\u015fmelerine dair endi\u015felerini iletece\u011fi Washington ziyaretinin hemen \u00f6ncesine denk geldi. Netanyahu&#x27;nun Trump&#x27;a \u0130ran&#x27;a sald\u0131r\u0131 i\u00e7in bask\u0131 yapaca\u011f\u0131 \u00f6ng\u00f6r\u00fcl\u00fcyor.<\/p>\n<p>ANLA\u015eMA YA DA SAVA\u015e<\/p>\n<p>Axios&#x27;a a\u00e7\u0131klamalarda bulunan Trump, \u0130ran&#x27;la y\u00fcr\u00fct\u00fclen m\u00fczakerelerin ba\u015far\u0131s\u0131z olmas\u0131 durumunda askeri harekata haz\u0131rl\u0131k amac\u0131yla Orta Do\u011fu&#x27;ya ikinci bir u\u00e7ak gemisi sald\u0131r\u0131 grubu g\u00f6nderebilece\u011fini belirtti. Anla\u015fma olmazsa &quot;ge\u00e7en seferki gibi \u00e7ok sert bir \u015fey yapmak zorunda kalacaklar\u0131n\u0131&quot; belirten Trump, sald\u0131r\u0131 se\u00e7ene\u011finin g\u00fcndemde oldu\u011funu kaydetti.<\/p>\n<p>Trump, diplomatik kanal\u0131n hala \u00f6ncelikli oldu\u011funun alt\u0131n\u0131 \u00e7izdi. \u0130ran&#x27;\u0131n &quot;bir anla\u015fma yapmay\u0131 \u00e7ok istedi\u011fini&quot; vurgulayan ABD Ba\u015fkan\u0131, askeri tehdit&#8230;<\/p>\n","protected":false},"excerpt":{"rendered":"<p>ABD Ba\u015fkan\u0131 Donald Trump, \u0130ran&#8217;la devam eden diplomatik g\u00f6r\u00fc\u015fmelerin sonu\u00e7suz kalmas\u0131 halinde askeri se\u00e7eneklere ba\u015fvurmaya haz\u0131r oldu\u011funu dile getirdi&#8230;.<\/p>\n","protected":false},"author":2,"featured_media":1085,"comment_status":"open","ping_status":"open","sticky":false,"template":"","format":"standard","meta":{"footnotes":""},"categories":[8,6,5],"tags":[],"class_list":["post-1086","post","type-post","status-publish","format-standard","has-post-thumbnail","hentry","category-arsiv","category-gundem","category-son-dakika"],"_links":{"self":[{"href":"https:\/\/eskigazeteci.com\/index.php?rest_route=\/wp\/v2\/posts\/1086","targetHints":{"allow":["GET"]}}],"collection":[{"href":"https:\/\/eskigazeteci.com\/index.php?rest_route=\/wp\/v2\/posts"}],"about":[{"href":"https:\/\/eskigazeteci.com\/index.php?rest_route=\/wp\/v2\/types\/post"}],"author":[{"embeddable":true,"href":"https:\/\/eskigazeteci.com\/index.php?rest_route=\/wp\/v2\/users\/2"}],"replies":[{"embeddable":true,"href":"https:\/\/eskigazeteci.com\/index.php?rest_route=%2Fwp%2Fv2%2Fcomments&post=1086"}],"version-history":[{"count":0,"href":"https:\/\/eskigazeteci.com\/index.php?rest_route=\/wp\/v2\/posts\/1086\/revisions"}],"wp:featuredmedia":[{"embeddable":true,"href":"https:\/\/eskigazeteci.com\/index.php?rest_route=\/wp\/v2\/media\/1085"}],"wp:attachment":[{"href":"https:\/\/eskigazeteci.com\/index.php?rest_route=%2Fwp%2Fv2%2Fmedia&parent=1086"}],"wp:term":[{"taxonomy":"category","embeddable":true,"href":"https:\/\/eskigazeteci.com\/index.php?rest_route=%2Fwp%2Fv2%2Fcategories&post=1086"},{"taxonomy":"post_tag","embeddable":true,"href":"https:\/\/eskigazeteci.com\/index.php?rest_route=%2Fwp%2Fv2%2Ftags&post=1086"}],"curies":[{"name":"wp","href":"https:\/\/api.w.org\/{rel}","templated":true}]}}