{"id":1084,"date":"2026-02-11T05:55:09","date_gmt":"2026-02-11T05:55:09","guid":{"rendered":"https:\/\/eskigazeteci.com\/?p=1084"},"modified":"2026-02-11T05:55:09","modified_gmt":"2026-02-11T05:55:09","slug":"meteoroloji-tarih-verdi-saganak-firtina-ve-kar-yagisi-uyarisi-bu-illerde-yasayanlar-dikkat-kuvvetli-geliyor","status":"publish","type":"post","link":"https:\/\/eskigazeteci.com\/?p=1084","title":{"rendered":"Meteoroloji tarih verdi: Sa\u011fanak, f\u0131rt\u0131na ve kar ya\u011f\u0131\u015f\u0131 uyar\u0131s\u0131! Bu illerde ya\u015fayanlar dikkat: Kuvvetli geliyor"},"content":{"rendered":"<p>Hava s\u0131cakl\u0131\u011f\u0131n\u0131n, kuzey ve bat\u0131 kesimlerde 3 ila 5 derece artaca\u011f\u0131, di\u011fer yerlerde \u00f6nemli bir de\u011fi\u015fiklik olmayaca\u011f\u0131, \u00fclke genelinde mevsim normallerinin \u00fczerinde seyredece\u011fi tahmin ediliyor. Hafta boyunca yurt genelinde ya\u011f\u0131\u015fl\u0131 hava hakim olacak. R\u00fczgar\u0131n ise genellikle g\u00fcney y\u00f6nlerden, hafif, ara s\u0131ra orta kuvvette, K\u0131y\u0131 Ege&#x27;de kuvvetli (40-60 km\/saat) olarak esmesi bekleniyor. \u00d6te yandan Meteoroloji Genel M\u00fcd\u00fcrl\u00fc\u011f\u00fc Diyarbak\u0131r, Hakkari, Hatay, Siirt, Van, Batman, \u015e\u0131rnak ve Osmaniye illeri i\u00e7in sar\u0131 kodlu uyar\u0131 verdi. BU \u0130LLERDE YA\u015eAYANLAR D\u0130KAT: KUVVETL\u0130 SA\u011eANAK<\/p>\n<p>Meteoroloji Genel M\u00fcd\u00fcrl\u00fc\u011f\u00fc olarak yap\u0131lan de\u011ferlendirmelere g\u00f6re: \u00dclkemiz genelinin par\u00e7al\u0131 ve \u00e7ok bulutlu, Ege (K\u00fctahya hari\u00e7), Akdeniz, Do\u011fu Karadeniz, Do\u011fu ve G\u00fcneydo\u011fu Anadolu ile \u00c7anakkale, Bal\u0131kesir, Konya, Karaman, Sivas, Ordu ve Tokat \u00e7evrelerinin aral\u0131kl\u0131 ya\u011f\u0131\u015fl\u0131 ge\u00e7ece\u011fi tahmin ediliyor. Ya\u011f\u0131\u015flar\u0131n genellikle ya\u011fmur ve sa\u011fanak, Do\u011fu Karadeniz\u2019in i\u00e7 kesimleri, Do\u011fu Anadolu\u2019nun do\u011fusu ile Sivas \u00e7evrelerinde karla kar\u0131\u015f\u0131k ya\u011fmur ve kar \u015feklinde olmas\u0131 bekleniyor.<\/p>\n<p>Ya\u011f\u0131\u015flar\u0131n, Osmaniye, Hatay, Ardahan, Bitlis, Hakkari, \u015e\u0131rnak, Diyarbak\u0131r, Batman ve Siirt \u00e7evreleri ile Artvin&#x27;in i\u00e7 kesimlerinde yer yer kuvvetli&#8230;<\/p>\n","protected":false},"excerpt":{"rendered":"<p>Meteoroloji Genel M\u00fcd\u00fcrl\u00fc\u011f\u00fc taraf\u0131ndan yap\u0131lan son hava durumu tahminlerine g\u00f6re yurdun b\u00fcy\u00fck bir kesiminin hafta boyunca ya\u011f\u0131\u015fl\u0131 havalar\u0131n etkisinde olaca\u011f\u0131&#8230;<\/p>\n","protected":false},"author":2,"featured_media":1083,"comment_status":"open","ping_status":"open","sticky":false,"template":"","format":"standard","meta":{"footnotes":""},"categories":[8,6,5],"tags":[],"class_list":["post-1084","post","type-post","status-publish","format-standard","has-post-thumbnail","hentry","category-arsiv","category-gundem","category-son-dakika"],"_links":{"self":[{"href":"https:\/\/eskigazeteci.com\/index.php?rest_route=\/wp\/v2\/posts\/1084","targetHints":{"allow":["GET"]}}],"collection":[{"href":"https:\/\/eskigazeteci.com\/index.php?rest_route=\/wp\/v2\/posts"}],"about":[{"href":"https:\/\/eskigazeteci.com\/index.php?rest_route=\/wp\/v2\/types\/post"}],"author":[{"embeddable":true,"href":"https:\/\/eskigazeteci.com\/index.php?rest_route=\/wp\/v2\/users\/2"}],"replies":[{"embeddable":true,"href":"https:\/\/eskigazeteci.com\/index.php?rest_route=%2Fwp%2Fv2%2Fcomments&post=1084"}],"version-history":[{"count":0,"href":"https:\/\/eskigazeteci.com\/index.php?rest_route=\/wp\/v2\/posts\/1084\/revisions"}],"wp:featuredmedia":[{"embeddable":true,"href":"https:\/\/eskigazeteci.com\/index.php?rest_route=\/wp\/v2\/media\/1083"}],"wp:attachment":[{"href":"https:\/\/eskigazeteci.com\/index.php?rest_route=%2Fwp%2Fv2%2Fmedia&parent=1084"}],"wp:term":[{"taxonomy":"category","embeddable":true,"href":"https:\/\/eskigazeteci.com\/index.php?rest_route=%2Fwp%2Fv2%2Fcategories&post=1084"},{"taxonomy":"post_tag","embeddable":true,"href":"https:\/\/eskigazeteci.com\/index.php?rest_route=%2Fwp%2Fv2%2Ftags&post=1084"}],"curies":[{"name":"wp","href":"https:\/\/api.w.org\/{rel}","templated":true}]}}