{"id":1082,"date":"2026-02-11T05:53:37","date_gmt":"2026-02-11T05:53:37","guid":{"rendered":"https:\/\/eskigazeteci.com\/?p=1082"},"modified":"2026-02-11T05:53:37","modified_gmt":"2026-02-11T05:53:37","slug":"galatasarayda-yeni-sozlesme-bekleyen-mario-lemina-ve-mauro-icardi-icin-karar-verildi","status":"publish","type":"post","link":"https:\/\/eskigazeteci.com\/?p=1082","title":{"rendered":"Galatasaray&#8217;da yeni s\u00f6zle\u015fme bekleyen Mario Lemina ve Mauro Icardi i\u00e7in karar verildi!"},"content":{"rendered":"<p>Ara transfer d\u00f6nemini kadrosuna 5 takviye yaparak ge\u00e7iren Galatasaray \u2019\u0131n sezon sonundaki hamleleri de \u015fimdiden merak konusu. \u00d6zellikle bir \u015fampiyonluk daha gelir ve tak\u0131m do\u011frudan Devler Ligi biletini kaparsa, yine birbirinden \u00f6nemli y\u0131ld\u0131zlar\u0131n transfer edilece\u011fi konu\u015fuluyor. Ancak ayn\u0131 zamanda i\u00e7 transferde de \u00f6nemli geli\u015fmeler ya\u015fanacak gibi g\u00f6r\u00fcn\u00fcyor.<\/p>\n<p>S\u00f6zle\u015fmesi sezon sonunda bitecek olan isimler aras\u0131nda Mauro Icardi ile Mario Lemina \u2019n\u0131n durumu kritik. Her iki futbolcunun da yeni s\u00f6zle\u015fme yapmak istedikleri biliniyor.<\/p>\n<p>&#x27;KONSANTRE OLUN&#x27;<\/p>\n<p>Icardi de Lemina da k\u0131sa s\u00fcre \u00f6nce temsilcileriyle kul\u00fcbe haber g\u00f6ndererek yeni kontrat \u015fartlar\u0131n\u0131 g\u00f6r\u00fc\u015fmek istediklerini bildirdiler. Ancak ba\u015fkan Dursun \u00d6zbek\u2019in karar\u0131, acele etmemek y\u00f6n\u00fcnde oldu. Sar\u0131-K\u0131rm\u0131z\u0131l\u0131 kul\u00fcb\u00fcn patronu her iki oyuncuyla da sezon sonunda masaya oturacaklar\u0131n\u0131 ve \u015fimdi tak\u0131ma konsantre olmalar\u0131 gerekti\u011fini iletti.<\/p>\n<p>ICARDI&#x27;NIN GELECE\u011e\u0130 G\u00d6STERECE\u011e\u0130 PERFORMANSA BA\u011eLI<\/p>\n<p>\u00d6zellikle Icardi\u2019nin devre aras\u0131nda da ayr\u0131lma durumu g\u00fcndeme gelmi\u015f, ancak Juventus\u2019la yap\u0131lan g\u00f6r\u00fc\u015fmeler netice vermemi\u015fti. Daha sonra 32 ya\u015f\u0131ndaki santrfor i\u00e7in 1+1 y\u0131ll\u0131k kontrat d\u00fc\u015f\u00fcn\u00fcld\u00fc\u011f\u00fc iddias\u0131 ortaya at\u0131lsa da kul\u00fcpten bu konuyla ilgili bir&#8230;<\/p>\n","protected":false},"excerpt":{"rendered":"<p>Galatasaray\u2019da s\u00f6zle\u015fmeleri sezon sonunda bitecek olan ve menajerleri arac\u0131l\u0131\u011f\u0131yla kul\u00fcbe g\u00f6r\u00fc\u015fme talebinde bulunan y\u0131ld\u0131z isimler Mario Lemina ve Mauro&#8230;<\/p>\n","protected":false},"author":2,"featured_media":1081,"comment_status":"open","ping_status":"open","sticky":false,"template":"","format":"standard","meta":{"footnotes":""},"categories":[8,5,7],"tags":[],"class_list":["post-1082","post","type-post","status-publish","format-standard","has-post-thumbnail","hentry","category-arsiv","category-son-dakika","category-spor"],"_links":{"self":[{"href":"https:\/\/eskigazeteci.com\/index.php?rest_route=\/wp\/v2\/posts\/1082","targetHints":{"allow":["GET"]}}],"collection":[{"href":"https:\/\/eskigazeteci.com\/index.php?rest_route=\/wp\/v2\/posts"}],"about":[{"href":"https:\/\/eskigazeteci.com\/index.php?rest_route=\/wp\/v2\/types\/post"}],"author":[{"embeddable":true,"href":"https:\/\/eskigazeteci.com\/index.php?rest_route=\/wp\/v2\/users\/2"}],"replies":[{"embeddable":true,"href":"https:\/\/eskigazeteci.com\/index.php?rest_route=%2Fwp%2Fv2%2Fcomments&post=1082"}],"version-history":[{"count":0,"href":"https:\/\/eskigazeteci.com\/index.php?rest_route=\/wp\/v2\/posts\/1082\/revisions"}],"wp:featuredmedia":[{"embeddable":true,"href":"https:\/\/eskigazeteci.com\/index.php?rest_route=\/wp\/v2\/media\/1081"}],"wp:attachment":[{"href":"https:\/\/eskigazeteci.com\/index.php?rest_route=%2Fwp%2Fv2%2Fmedia&parent=1082"}],"wp:term":[{"taxonomy":"category","embeddable":true,"href":"https:\/\/eskigazeteci.com\/index.php?rest_route=%2Fwp%2Fv2%2Fcategories&post=1082"},{"taxonomy":"post_tag","embeddable":true,"href":"https:\/\/eskigazeteci.com\/index.php?rest_route=%2Fwp%2Fv2%2Ftags&post=1082"}],"curies":[{"name":"wp","href":"https:\/\/api.w.org\/{rel}","templated":true}]}}