{"id":108,"date":"2026-02-09T09:23:32","date_gmt":"2026-02-09T09:23:32","guid":{"rendered":"https:\/\/eskigazeteci.com\/?p=108"},"modified":"2026-02-09T09:23:32","modified_gmt":"2026-02-09T09:23:32","slug":"haber-29","status":"publish","type":"post","link":"https:\/\/eskigazeteci.com\/?p=108","title":{"rendered":"Haber"},"content":{"rendered":"<p>A VRUPA Birli\u011fi\u2019nin (AB) Geni\u015flemeden Sorumlu Komiseri Marta Kos, g\u00f6reve ba\u015flad\u0131ktan sonra T\u00fcrkiye\u2019ye ilk resmi ziyaretini ger\u00e7ekle\u015ftirdi. Ankara\u2019da, Cumhurba\u015fkan\u0131 Yard\u0131mc\u0131s\u0131 Cevdet Y\u0131lmaz, D\u0131\u015fi\u015fleri Bakan\u0131 Hakan Fidan, Hazine ve Maliye Bakan\u0131 Mehmet \u015eim\u015fek\u2019in de aralar\u0131nda bulundu\u011fu bakanlar ve i\u015f d\u00fcnyas\u0131 temsilcileri ile temaslar\u0131n\u0131n sonunda H\u00fcrriyet Gazetesi\u2019nin sorular\u0131n\u0131 yan\u0131tlayan Kos, pek \u00e7ok ba\u015fl\u0131kta ilerleme sa\u011flanmas\u0131 i\u00e7in Br\u00fcksel\u2019e baz\u0131 somut \u00f6nerilerle d\u00f6n\u00fcyor. Avrupa\u2019n\u0131n hem Do\u011fu hem de Bat\u0131 ile ili\u015fkilerinde yeni bir s\u00fcre\u00e7 ya\u015fand\u0131\u011f\u0131n\u0131 belirten Kos\u2019a g\u00f6re T\u00fcrkiye ile iyi ili\u015fkiler kurulmas\u0131 \u00e7ok \u00f6nemli.<\/p>\n<p>T\u00dcRK\u0130YE OLMADAN OLMAZ<\/p>\n<p>\u201cT\u00fcrkiye \u00e7ok \u00f6nemli bir orta\u011f\u0131m\u0131z, \u00e7ok g\u00fczel ba\u015flang\u0131\u00e7lar yapt\u0131k. Temaslar\u0131m\u0131zda ele ald\u0131\u011f\u0131m\u0131z konular\u0131 hayata ge\u00e7irebilirsek bu, T\u00fcrkiye -AB ili\u015fkilerinde b\u00fcy\u00fck bir at\u0131l\u0131m\u0131 beraberinde getirir. Ge\u00e7mi\u015fte \u00e7e\u015fitli nedenlerle ak\u0131\u015fa uymu\u015fuz ama yeni jeopolitik ve ekonomik meydan okumalar, iki taraf\u0131n da art\u0131k ilerleme iste\u011fini ortaya koyuyor ve bu benim i\u00e7in en \u00f6nemli izlenim. Konu\u015ftu\u011fumuz ba\u015fl\u0131klar\u0131 hayata ge\u00e7irebilirsek yak\u0131nda somut sonu\u00e7lar alabiliriz. \u0130lk olarak g\u00fcven art\u0131r\u0131c\u0131 ad\u0131mlar atarak ba\u015flayabiliriz, b\u00fcy\u00fck ad\u0131mlar\u0131 daha sonra hayata ge\u00e7irebiliriz. Yeni ger\u00e7ekliklere tepki verecek yeni yollar bulmal\u0131y\u0131z. Ge\u00e7mi\u015fte ekonomik konulara \u00e7ok e\u011fildik ama i\u015fte ba\u015fka ger\u00e7ekler var. Ukrayna\u2019daki sava\u015f \u00e7ok \u00f6nemli. Moldova\u2019da olanlar\u0131 g\u00f6rd\u00fck, Rusya ve ba\u015fka otokrat \u00fclkeler Avrupa\u2019n\u0131n ba\u015far\u0131s\u0131zl\u0131\u011fa u\u011frad\u0131\u011f\u0131n\u0131 g\u00f6rmek ister. Bu, bizim hangi \u00fclkelerle ortakl\u0131k kurma konusuna daha dikkatle bakmam\u0131z\u0131 sa\u011flad\u0131. Bu ba\u011flamda T\u00fcrkiye ekonomi, g\u00fcvenlik, b\u00f6lgesel i\u015fbirli\u011fi gibi a\u00e7\u0131lardan \u00f6nemli bir orta\u011f\u0131m\u0131z. Azerbaycan ile Ermenistan aras\u0131nda bar\u0131\u015f sa\u011flanmas\u0131 Kafkaslar konusuna yeni bir boyut getirdi, bu sayede Orta Asya ile AB aras\u0131nda yeni i\u015fbirlikleri sa\u011flanabilir ve bunlar\u0131n hi\u00e7biri T\u00fcrkiye olmadan olmaz.<\/p>\n<p>V\u0130ZE SERBEST\u0130S\u0130\ufffd<\/p>\n<p>Vize konusu temaslar\u0131m\u0131zda \u00e7ok konu\u015ftu\u011fumuz ba\u015fl\u0131klardan biri oldu. \u015eu anda kademeli bir sistemle ilerliyoruz ve ilk sonu\u00e7lar\u0131 g\u00f6rmeye ba\u015flad\u0131k. \u00c7ok giri\u015fli vizelerin artmas\u0131yla birlikte bekleme s\u00fcrelerinin de k\u0131sald\u0131\u011f\u0131n\u0131 g\u00f6zlemliyoruz. Bu hen\u00fcz ilk ad\u0131m ama do\u011fru y\u00f6nde at\u0131lm\u0131\u015f bir ad\u0131m. T\u00fcrkiye\u2019nin vize serbestisi i\u00e7in tamamlamas\u0131 gereken kriterler var ve bu konularda ilerleme sa\u011flan\u0131rsa daha somut geli\u015fmeler g\u00f6rebiliriz.<\/p>\n<p>MADE IN EUROPE KARARI<\/p>\n<p>Made in Europe giri\u015fimi baz\u0131 serbest ticaret anla\u015fmalar\u0131yla kar\u0131\u015ft\u0131r\u0131l\u0131yor ama asl\u0131nda daha geni\u015f bir vizyonun par\u00e7as\u0131. Avrupa\u2019n\u0131n yeni jeopolitik ger\u00e7eklikler i\u00e7inde ekonomik ba\u011f\u0131ms\u0131zl\u0131\u011f\u0131n\u0131 g\u00fc\u00e7lendirmeyi ama\u00e7l\u0131yor. T\u00fcrkiye\u2019nin d\u0131\u015flanmas\u0131, geride b\u0131rak\u0131lmas\u0131 s\u00f6z konusu de\u011fil \u015fu anda, \u00e7\u00fcnk\u00fc zaten hen\u00fcz bir karar verilmedi. Ben de buraday\u0131m ve T\u00fcrkiye\u2019nin ekonomik ili\u015fkilerde oynamas\u0131 gereken \u00f6zel rol\u00fc daha g\u00fc\u00e7l\u00fc savunabilmek i\u00e7in \u00f6nemli de\u011ferlendirmeler dinledim. Birka\u00e7 haftad\u0131r bu konuda tart\u0131\u015fmalar s\u00fcr\u00fcyor ama hen\u00fcz hi\u00e7bir \u015fey kararla\u015ft\u0131r\u0131lm\u0131\u015f de\u011fil. Nihai olarak neye karar verirsek verelim, T\u00fcrkiye\u2019nin benim g\u00f6r\u00fc\u015f\u00fcme g\u00f6re hak etti\u011fi bir konuma sahip olmas\u0131 i\u00e7in elimden geleni yapaca\u011f\u0131m.<\/p>\n<p>(T\u00fcrk sanayisi ve i\u015f d\u00fcnyas\u0131 bu noktada endi\u015felenmeli mi?) Cuma g\u00fcn\u00fc bunu da konu\u015ftuk; evet, endi\u015feliler. Ancak mesele T\u00fcrk \u015firketlerinin Avrupa\u2019daki kamu ihalelerine kat\u0131l\u0131m imk\u00e2n\u0131 ile ilgili. Ayn\u0131 \u015fekilde Avrupa \u015firketlerinin de burada kamu ihalelerine kat\u0131l\u0131m\u0131 konusunda baz\u0131 s\u0131n\u0131rlamalar var. Bu nedenle hem T\u00fcrk hem Avrupa i\u015f d\u00fcnyas\u0131 i\u00e7in en iyi olacak y\u00f6nde birlikte ilerleyebilece\u011fimize inan\u0131yoruz. Bu da \u00e7ok \u00f6nemli ba\u015fl\u0131klardan biri. G\u00f6r\u00fc\u015fmelerimizde ayr\u0131ca kamu ihale sistemlerinin Avrupa sistemiyle daha uyumlu hale getirilmesi konusunda birlikte daha fazla \u015fey yapabilece\u011fimizi konu\u015fmaya ba\u015flad\u0131k; ama\u00e7 her iki taraftaki \u015firketlerin de bundan fayda sa\u011flamas\u0131.\u201d<\/p>\n<p>100 M\u0130LYON EURO\u2019LUK \u0130K\u0130 PROJEYE \u0130MZA<\/p>\n<p>\u201cAvrupa Yat\u0131r\u0131m Bankas\u0131, T\u00fcrkiye\u2019deki faaliyetlerine b\u00fcy\u00fck ad\u0131mlarla geri d\u00f6n\u00fcyor. Cuma g\u00fcn\u00fc her biri 100 milyon Euro fonlu iki proje i\u00e7in imza att\u0131k. T\u00fcrkiye\u2019ye tahsis edilen fondan kalan 322 milyon Euro ile neler yap\u0131laca\u011f\u0131n\u0131 da ileride g\u00f6rece\u011fiz. Bu birinci ad\u0131m, i\u015fbirli\u011fi ileride artacak. Avrupa Yat\u0131r\u0131m Bankas\u0131\u2019n\u0131n yat\u0131r\u0131m yapmas\u0131 psikolojik olarak di\u011fer finansal kurulu\u015flar a\u00e7\u0131s\u0131ndan da \u00f6nemli olacakt\u0131r.\u201d<\/p>\n<p>AVRUPA\u2019YA \u00dcCRETS\u0130Z PARA TRANSFER\u0130<\/p>\n<p>\u201cSiyasi ve ekonomik ba\u015fl\u0131klar\u0131n yan\u0131nda insanlar\u0131n g\u00fcnl\u00fck hayat\u0131n\u0131 kolayla\u015ft\u0131rabilecek somut ad\u0131mlar\u0131 da konu\u015ftuk. SEPA (Single European Payment Area) sistemi T\u00fcrkiye\u2019ye de uygulanabilirse para transferleri neredeyse s\u0131f\u0131r maliyetli hale gelebilir. Bat\u0131 Balkan \u00fclkelerinde bunun ciddi ekonomik faydalar\u0131n\u0131 g\u00f6rd\u00fck. Mobil hatlar i\u00e7in serbest dola\u015f\u0131m yani Roaming anla\u015fmalar\u0131 da benzer \u015fekilde milyonlarca insan\u0131n hayat\u0131n\u0131 kolayla\u015ft\u0131rabilir. Bu t\u00fcr k\u00fc\u00e7\u00fck ama somut ba\u015far\u0131 hik\u00e2yeleri, iki taraf aras\u0131ndaki g\u00fcveni g\u00fc\u00e7lendirecektir.\u201d<\/p>\n<p>G\u00dcMR\u00dcK B\u0130RL\u0130\u011e\u0130 \u00d6NER\u0130LER\u0130M OLACAK<\/p>\n<p>\u201c G\u00fcmr\u00fck Birli\u011fi \u2019nin modernizasyonu konusunu da ele ald\u0131k. T\u00fcrkiye ile Avrupa Birli\u011fi aras\u0131ndaki ticaret hacmi 210 milyar Euro. G\u00f6r\u00fc\u015ft\u00fc\u011f\u00fcm i\u015f d\u00fcnyas\u0131 temsilcileri bu rakam\u0131n iki kat\u0131na \u00e7\u0131kar\u0131labilece\u011fini s\u00f6yl\u00fcyor. Ankara\u2019daki temaslar\u0131m\u0131zda bu ticaret rakam\u0131n\u0131 iki kat\u0131na \u00e7\u0131karman\u0131n m\u00fcmk\u00fcn oldu\u011funa inand\u0131klar\u0131n\u0131 g\u00f6rd\u00fcm. En iyi ko\u015fullarda olmadan bu ticaret rakam\u0131na ula\u015fabildiysek bu rakam\u0131n art\u0131r\u0131lmas\u0131 m\u00fcmk\u00fcn g\u00f6r\u00fcn\u00fcyor. Baz\u0131 somut ad\u0131mlar konusunda konu\u015ftuk, Br\u00fcksel\u2019e d\u00f6nd\u00fc\u011f\u00fcmde bunlar\u0131 Komisyon ve \u00fcye \u00fclkeler ile konu\u015faca\u011f\u0131m. G\u00fcmr\u00fck Birli\u011fi\u2019ni b\u00fcy\u00fck ve \u00f6nemli bir konu, ama\u00e7 t\u00fcm potansiyeli kullanmak.\u201d<\/p>\n<p>T\u00fcrkiye g\u00fcndeminden son dakika haberleri, bug\u00fcn ya\u015fanan en son geli\u015fmeler, siyaset g\u00fcndeminden g\u00fcncel haberler ve b\u00fct\u00fcn son dakika haberleri i\u00e7in H\u00fcrriyet&#x27;in internet haber sitesi hurriyet.com.tr; Hurriyet.com.tr haber i\u00e7erikleri kaynak g\u00f6sterilmeden al\u0131nt\u0131 yap\u0131lamaz, Kanuna ayk\u0131r\u0131 ve izinsiz olarak kopyalanamaz, ba\u015fka yerde yay\u0131nlanamaz.<\/p>\n","protected":false},"excerpt":{"rendered":"<p>AB\u2019nin Geni\u015flemeden Sorumlu Komiseri Marta Kos, T\u00fcrkiye temaslar\u0131n\u0131n ard\u0131ndan H\u00fcrriyet\u2019e konu\u015furken \u201cBr\u00fcksel\u2019e somut \u00f6nerilerle d\u00f6n\u00fcyorum\u201d dedi. Kos, vize&#8230;<\/p>\n","protected":false},"author":2,"featured_media":107,"comment_status":"open","ping_status":"open","sticky":false,"template":"","format":"standard","meta":{"footnotes":""},"categories":[8,3],"tags":[],"class_list":["post-108","post","type-post","status-publish","format-standard","has-post-thumbnail","hentry","category-arsiv","category-siyaset"],"_links":{"self":[{"href":"https:\/\/eskigazeteci.com\/index.php?rest_route=\/wp\/v2\/posts\/108","targetHints":{"allow":["GET"]}}],"collection":[{"href":"https:\/\/eskigazeteci.com\/index.php?rest_route=\/wp\/v2\/posts"}],"about":[{"href":"https:\/\/eskigazeteci.com\/index.php?rest_route=\/wp\/v2\/types\/post"}],"author":[{"embeddable":true,"href":"https:\/\/eskigazeteci.com\/index.php?rest_route=\/wp\/v2\/users\/2"}],"replies":[{"embeddable":true,"href":"https:\/\/eskigazeteci.com\/index.php?rest_route=%2Fwp%2Fv2%2Fcomments&post=108"}],"version-history":[{"count":0,"href":"https:\/\/eskigazeteci.com\/index.php?rest_route=\/wp\/v2\/posts\/108\/revisions"}],"wp:featuredmedia":[{"embeddable":true,"href":"https:\/\/eskigazeteci.com\/index.php?rest_route=\/wp\/v2\/media\/107"}],"wp:attachment":[{"href":"https:\/\/eskigazeteci.com\/index.php?rest_route=%2Fwp%2Fv2%2Fmedia&parent=108"}],"wp:term":[{"taxonomy":"category","embeddable":true,"href":"https:\/\/eskigazeteci.com\/index.php?rest_route=%2Fwp%2Fv2%2Fcategories&post=108"},{"taxonomy":"post_tag","embeddable":true,"href":"https:\/\/eskigazeteci.com\/index.php?rest_route=%2Fwp%2Fv2%2Ftags&post=108"}],"curies":[{"name":"wp","href":"https:\/\/api.w.org\/{rel}","templated":true}]}}