{"id":1078,"date":"2026-02-11T05:42:04","date_gmt":"2026-02-11T05:42:04","guid":{"rendered":"https:\/\/eskigazeteci.com\/?p=1078"},"modified":"2026-02-11T05:42:04","modified_gmt":"2026-02-11T05:42:04","slug":"buray-82-ulke-gordum-hedefim-196","status":"publish","type":"post","link":"https:\/\/eskigazeteci.com\/?p=1078","title":{"rendered":"Buray: 82 \u00fclke g\u00f6rd\u00fcm, hedefim 196"},"content":{"rendered":"<p>ADINI DUYMADI\u011eINIZ \u00dcLKELER\u0130 GEZD\u0130M<\/p>\n<p>Buray \u00f6nceki g\u00fcn Etiler\u2019de bir restorandan \u00e7\u0131karken g\u00f6r\u00fcnt\u00fclendi. Muhabirlerle sohbet eden \u015fark\u0131c\u0131, yurtd\u0131\u015f\u0131 seyahatinden yeni d\u00f6nd\u00fc\u011f\u00fcn\u00fc s\u00f6yledi:<\/p>\n<p>\u201cGezdik, turne yapt\u0131k. 28 g\u00fcn Pasifik turumuz vard\u0131. Ad\u0131n\u0131 hi\u00e7 duymad\u0131\u011f\u0131n\u0131z \u00fclkeleri gezdim. Oradan da konser turnemize ge\u00e7tim. 1.5 aydan sonra ilk kez eve d\u00fcn geldim.\u201d<\/p>\n<p>82 \u00dcLKE G\u00d6RD\u00dcM HEDEF 196 \u00dcLKE<\/p>\n<p>\u015eark\u0131c\u0131 , kazanc\u0131n\u0131 seyahatlere harcad\u0131\u011f\u0131n\u0131 anlatt\u0131:<\/p>\n<p>\u201cK\u00f6pek bal\u0131klar\u0131yla y\u00fczd\u00fck, u\u00e7aktan atlad\u0131k. O adrenalin \u00f6mr\u00fcme 5 sene gen\u00e7lik kat\u0131yor. Konser yap\u0131yoruz, param\u0131z\u0131 biriktirip d\u00fcnyay\u0131 geziyoruz. Bekarken \u00e7al\u0131\u015f\u0131p geziyorum. En g\u00fczel yat\u0131r\u0131m\u0131m bu. Rahmetli Bar\u0131\u015f Man\u00e7o 120 \u00fclke gezmi\u015f. Benim 82 oldu. 196\u2019s\u0131n\u0131 da gezmek istiyorum.\u201d<\/p>\n<p>T\u00fcrkiye&#x27;den ve D\u00fcnya\u2019dan son dakika haberleri, k\u00f6\u015fe yaz\u0131lar\u0131, magazinden siyasete, spordan seyahate b\u00fct\u00fcn konular\u0131n tek adresi Hurriyet.com.tr haber i\u00e7erikleri izin al\u0131nmadan, kaynak g\u00f6sterilerek dahi iktibas edilemez. Kanuna ayk\u0131r\u0131 ve izinsiz olarak kopyalanamaz, ba\u015fka yerde yay\u0131nlanamaz.<\/p>\n","protected":false},"excerpt":{"rendered":"<p>1.5 ay sonra T\u00fcrkiye\u2019ye d\u00f6nen Buray, kazanc\u0131n\u0131 seyahatlere yat\u0131rd\u0131\u011f\u0131n\u0131 s\u00f6yledi: \u201cKonser yap\u0131yoruz, param\u0131z\u0131 biriktirip d\u00fcnyay\u0131 geziyoruz. Hedefim 196 \u00fclkenin&#8230;<\/p>\n","protected":false},"author":2,"featured_media":1077,"comment_status":"open","ping_status":"open","sticky":false,"template":"","format":"standard","meta":{"footnotes":""},"categories":[8,6,5],"tags":[],"class_list":["post-1078","post","type-post","status-publish","format-standard","has-post-thumbnail","hentry","category-arsiv","category-gundem","category-son-dakika"],"_links":{"self":[{"href":"https:\/\/eskigazeteci.com\/index.php?rest_route=\/wp\/v2\/posts\/1078","targetHints":{"allow":["GET"]}}],"collection":[{"href":"https:\/\/eskigazeteci.com\/index.php?rest_route=\/wp\/v2\/posts"}],"about":[{"href":"https:\/\/eskigazeteci.com\/index.php?rest_route=\/wp\/v2\/types\/post"}],"author":[{"embeddable":true,"href":"https:\/\/eskigazeteci.com\/index.php?rest_route=\/wp\/v2\/users\/2"}],"replies":[{"embeddable":true,"href":"https:\/\/eskigazeteci.com\/index.php?rest_route=%2Fwp%2Fv2%2Fcomments&post=1078"}],"version-history":[{"count":0,"href":"https:\/\/eskigazeteci.com\/index.php?rest_route=\/wp\/v2\/posts\/1078\/revisions"}],"wp:featuredmedia":[{"embeddable":true,"href":"https:\/\/eskigazeteci.com\/index.php?rest_route=\/wp\/v2\/media\/1077"}],"wp:attachment":[{"href":"https:\/\/eskigazeteci.com\/index.php?rest_route=%2Fwp%2Fv2%2Fmedia&parent=1078"}],"wp:term":[{"taxonomy":"category","embeddable":true,"href":"https:\/\/eskigazeteci.com\/index.php?rest_route=%2Fwp%2Fv2%2Fcategories&post=1078"},{"taxonomy":"post_tag","embeddable":true,"href":"https:\/\/eskigazeteci.com\/index.php?rest_route=%2Fwp%2Fv2%2Ftags&post=1078"}],"curies":[{"name":"wp","href":"https:\/\/api.w.org\/{rel}","templated":true}]}}