{"id":1076,"date":"2026-02-11T05:33:37","date_gmt":"2026-02-11T05:33:37","guid":{"rendered":"https:\/\/eskigazeteci.com\/?p=1076"},"modified":"2026-02-11T05:33:37","modified_gmt":"2026-02-11T05:33:37","slug":"turkiyenin-3-koyunde-sadece-birer-kisi-yasiyor-iste-turkiyenin-en-kalabalik-koyu","status":"publish","type":"post","link":"https:\/\/eskigazeteci.com\/?p=1076","title":{"rendered":"T\u00fcrkiye&#8217;nin 3 k\u00f6y\u00fcnde sadece birer ki\u015fi ya\u015f\u0131yor! \u0130\u015fte T\u00fcrkiye&#8217;nin en kalabal\u0131k k\u00f6y\u00fc"},"content":{"rendered":"<p>T\u00fcrkiye&#x27;de n\u00fcfusun y\u00fczde 6,4&#x27;\u00fc belde ve k\u00f6ylerde ikamet ederken, 70 k\u00f6yde n\u00fcfusa kay\u0131tl\u0131 10 veya daha az ki\u015finin ya\u015fad\u0131\u011f\u0131 belirlendi. Toplam n\u00fcfus i\u00e7inde il ve il\u00e7e merkezlerinde ikamet edenlerin oran\u0131 2025&#x27;te y\u00fczde 93,6&#x27;ya y\u00fckselirken, 30 b\u00fcy\u00fck\u015fehir d\u0131\u015f\u0131ndaki illerde yer alan belde ve k\u00f6ylerde ya\u015fayanlar\u0131n oran\u0131 ise y\u00fczde 6,6&#x27;dan y\u00fczde 6,4&#x27;e geriledi.<\/p>\n<p>Ge\u00e7en y\u0131l belde veya k\u00f6ylerde ya\u015fayanlar\u0131n say\u0131s\u0131, bir \u00f6nceki y\u0131la g\u00f6re yakla\u015f\u0131k y\u00fczde 2,1 azal\u0131\u015fla, 5 milyon 536 bin 693 ki\u015fi olarak tespit edildi.<\/p>\n<p>1000 VEYA DAHA FAZLA N\u00dcFUSA SAH\u0130P K\u00d6Y SAYISI 456<\/p>\n<p>T\u00fcrkiye genelinde, 10 veya daha az ki\u015finin ikamet etti\u011fi k\u00f6y say\u0131s\u0131 70 olarak belirlenirken, 1000 veya daha fazla n\u00fcfusa sahip k\u00f6y say\u0131s\u0131 ise 456 olarak kaydediliyor.<\/p>\n<p>Kay\u0131tlara g\u00f6re, Ad\u0131yaman&#x27;\u0131n merkez il\u00e7esindeki \u0130pekli, 6 bin 681 ki\u015filik n\u00fcfusuyla T\u00fcrkiye&#x27;nin en kalabal\u0131k k\u00f6y\u00fc olarak \u00f6ne \u00e7\u0131k\u0131yor.<\/p>\n<p>S\u00f6z konusu k\u00f6y\u00fc, 6 bin 668 ki\u015fiyle \u00c7anakkale&#x27;nin merkez il\u00e7esindeki Karaca\u00f6ren ve 6 bin 268 ki\u015fiyle Ad\u0131yaman&#x27;\u0131n merkez il\u00e7esindeki Ta\u015fp\u0131nar izliyor.<\/p>\n<p>Bu k\u00f6yleri U\u015fak&#x27;\u0131n merkez il\u00e7esindeki Mende 5 bin 946 ve Yalova&#x27;n\u0131n merkez il\u00e7esindeki Samanl\u0131 5 bin 696 ki\u015fi ile takip ediyor.<\/p>\n<p>3 K\u00d6YDE N\u00dcFUSA KAYITLI TEK K\u0130\u015e\u0130 G\u00d6R\u00dcN\u00dcYOR<\/p>\n<p>T\u00dc\u0130K&#x27;in &quot;Adrese&#8230;<\/p>\n","protected":false},"excerpt":{"rendered":"<p>T\u00fcrkiye \u0130statistik Kurumu (T\u00dc\u0130K) verilerinden yapt\u0131\u011f\u0131 derlemeye g\u00f6re, \u00fclke n\u00fcfusu 2025&#8217;te bir \u00f6nceki y\u0131la k\u0131yasla 427 bin 224 ki\u015fi artarak, 86 milyon 92 bin&#8230;<\/p>\n","protected":false},"author":2,"featured_media":1075,"comment_status":"open","ping_status":"open","sticky":false,"template":"","format":"standard","meta":{"footnotes":""},"categories":[8,6,5],"tags":[],"class_list":["post-1076","post","type-post","status-publish","format-standard","has-post-thumbnail","hentry","category-arsiv","category-gundem","category-son-dakika"],"_links":{"self":[{"href":"https:\/\/eskigazeteci.com\/index.php?rest_route=\/wp\/v2\/posts\/1076","targetHints":{"allow":["GET"]}}],"collection":[{"href":"https:\/\/eskigazeteci.com\/index.php?rest_route=\/wp\/v2\/posts"}],"about":[{"href":"https:\/\/eskigazeteci.com\/index.php?rest_route=\/wp\/v2\/types\/post"}],"author":[{"embeddable":true,"href":"https:\/\/eskigazeteci.com\/index.php?rest_route=\/wp\/v2\/users\/2"}],"replies":[{"embeddable":true,"href":"https:\/\/eskigazeteci.com\/index.php?rest_route=%2Fwp%2Fv2%2Fcomments&post=1076"}],"version-history":[{"count":0,"href":"https:\/\/eskigazeteci.com\/index.php?rest_route=\/wp\/v2\/posts\/1076\/revisions"}],"wp:featuredmedia":[{"embeddable":true,"href":"https:\/\/eskigazeteci.com\/index.php?rest_route=\/wp\/v2\/media\/1075"}],"wp:attachment":[{"href":"https:\/\/eskigazeteci.com\/index.php?rest_route=%2Fwp%2Fv2%2Fmedia&parent=1076"}],"wp:term":[{"taxonomy":"category","embeddable":true,"href":"https:\/\/eskigazeteci.com\/index.php?rest_route=%2Fwp%2Fv2%2Fcategories&post=1076"},{"taxonomy":"post_tag","embeddable":true,"href":"https:\/\/eskigazeteci.com\/index.php?rest_route=%2Fwp%2Fv2%2Ftags&post=1076"}],"curies":[{"name":"wp","href":"https:\/\/api.w.org\/{rel}","templated":true}]}}