{"id":1074,"date":"2026-02-11T05:32:04","date_gmt":"2026-02-11T05:32:04","guid":{"rendered":"https:\/\/eskigazeteci.com\/?p=1074"},"modified":"2026-02-11T05:32:04","modified_gmt":"2026-02-11T05:32:04","slug":"cankiri-toki-kura-cekimi-canli-yayin-11-subat-2026","status":"publish","type":"post","link":"https:\/\/eskigazeteci.com\/?p=1074","title":{"rendered":"\u00c7ANKIRI TOK\u0130 KURA \u00c7EK\u0130M\u0130 CANLI YAYIN 11 \u015eUBAT 2026"},"content":{"rendered":"<p>TOK\u0130 \u00c7ank\u0131r\u0131 kura \u00e7ekimi ile 1.753 konut hak sahibi belirleme tarihi merak ediliyor. TOK\u0130 kura \u00e7ekimi ilan edilen takvim do\u011frultusunda ger\u00e7ekle\u015ftiriliyor. 11 \u015eubat 2026 \u00c7ar\u015famba g\u00fcnk\u00fc kura \u00e7ekimi ile de \u00c7ank\u0131r\u0131 TOK\u0130 kura sonu\u00e7lar\u0131 ve kesinle\u015fen asil yedek isim listesi de netlik kazanacak. \u00c7ank\u0131r\u0131 Merkez, Atkaracalar, Bayram\u00f6ren, \u00c7erke\u015f, Eldivan, Ilgaz, K\u0131z\u0131l\u0131rmak, Korgun, Kur\u015funlu, Orta, \u015eaban\u00f6z\u00fc, Yaprakl\u0131 il\u00e7elerinde in\u015fa edilecek toplam 1753 TOK\u0130 evi, noter huzurunda ve canl\u0131 yay\u0131nla sahiplerine kavu\u015facak. Kampanya kapsam\u0131nda konutlar, y\u00fczde 10 pe\u015finat ve 240 aya varan vade imkanlar\u0131yla sat\u0131\u015fa sunulacak. Peki TOK\u0130 \u00c7ank\u0131r\u0131 kura sonu\u00e7lar\u0131 nereden ve nas\u0131l \u00f6\u011frenilir?<\/p>\n<p>TOK\u0130 \u00c7ank\u0131r\u0131 kura \u00e7ekimi 11 \u015eubat 2026 \u00c7ar\u015famba g\u00fcn\u00fc saat 11.00&#x27;de \u00c7ank\u0131r\u0131 Valili\u011fi Sosyal Tesis Toplant\u0131 Salonu&#x27;nda ger\u00e7ekle\u015ftirilecek. Kura \u00e7ekimi ile \u00c7ank\u0131r\u0131 Merkez, Atkaracalar, Bayram\u00f6ren, \u00c7erke\u015f, Eldivan, Ilgaz, K\u0131z\u0131l\u0131rmak, Korgun, Kur\u015funlu, Orta, \u015eaban\u00f6z\u00fc, Yaprakl\u0131 il\u00e7elerinde in\u015fa edilecek konutlar\u0131n hak sahipleri belirlenecek.<\/p>\n<p>TOK\u0130 \u00c7ank\u0131r\u0131 kura \u00e7ekimi 11 \u015eubat 2026 \u00c7ar\u015famba g\u00fcn\u00fc saat 11.00&#x27;de \u00c7ank\u0131r\u0131 Valili\u011fi Sosyal Tesis Toplant\u0131 Salonu&#x27;nda ger\u00e7ekle\u015ftirilecek. Kura \u00e7ekimi ile \u00c7ank\u0131r\u0131 Merkez, Atkaracalar,&#8230;<\/p>\n","protected":false},"excerpt":{"rendered":"<p>\u00c7ank\u0131r\u0131 TOK\u0130 evleri kura \u00e7ekimi ve hak sahipli\u011fi sonu\u00e7lar\u0131 i\u00e7in ara\u015ft\u0131rmalar yo\u011funluk kazand\u0131. TOK\u0130 \u00c7ank\u0131r\u0131 kura \u00e7ekili\u015fi ile 1.753 ev sahibine kavu\u015fuyor&#8230;.<\/p>\n","protected":false},"author":2,"featured_media":1073,"comment_status":"open","ping_status":"open","sticky":false,"template":"","format":"standard","meta":{"footnotes":""},"categories":[8,6,5],"tags":[],"class_list":["post-1074","post","type-post","status-publish","format-standard","has-post-thumbnail","hentry","category-arsiv","category-gundem","category-son-dakika"],"_links":{"self":[{"href":"https:\/\/eskigazeteci.com\/index.php?rest_route=\/wp\/v2\/posts\/1074","targetHints":{"allow":["GET"]}}],"collection":[{"href":"https:\/\/eskigazeteci.com\/index.php?rest_route=\/wp\/v2\/posts"}],"about":[{"href":"https:\/\/eskigazeteci.com\/index.php?rest_route=\/wp\/v2\/types\/post"}],"author":[{"embeddable":true,"href":"https:\/\/eskigazeteci.com\/index.php?rest_route=\/wp\/v2\/users\/2"}],"replies":[{"embeddable":true,"href":"https:\/\/eskigazeteci.com\/index.php?rest_route=%2Fwp%2Fv2%2Fcomments&post=1074"}],"version-history":[{"count":0,"href":"https:\/\/eskigazeteci.com\/index.php?rest_route=\/wp\/v2\/posts\/1074\/revisions"}],"wp:featuredmedia":[{"embeddable":true,"href":"https:\/\/eskigazeteci.com\/index.php?rest_route=\/wp\/v2\/media\/1073"}],"wp:attachment":[{"href":"https:\/\/eskigazeteci.com\/index.php?rest_route=%2Fwp%2Fv2%2Fmedia&parent=1074"}],"wp:term":[{"taxonomy":"category","embeddable":true,"href":"https:\/\/eskigazeteci.com\/index.php?rest_route=%2Fwp%2Fv2%2Fcategories&post=1074"},{"taxonomy":"post_tag","embeddable":true,"href":"https:\/\/eskigazeteci.com\/index.php?rest_route=%2Fwp%2Fv2%2Ftags&post=1074"}],"curies":[{"name":"wp","href":"https:\/\/api.w.org\/{rel}","templated":true}]}}