{"id":1072,"date":"2026-02-11T05:23:36","date_gmt":"2026-02-11T05:23:36","guid":{"rendered":"https:\/\/eskigazeteci.com\/?p=1072"},"modified":"2026-02-11T05:23:36","modified_gmt":"2026-02-11T05:23:36","slug":"turkiyede-en-yuksek-nufusa-sahip-ilceler-aciklandi-ilk-kez-bir-ilcenin-nufusu-1-milyonu-gecti","status":"publish","type":"post","link":"https:\/\/eskigazeteci.com\/?p=1072","title":{"rendered":"T\u00fcrkiye&#8217;de en y\u00fcksek n\u00fcfusa sahip il\u00e7eler a\u00e7\u0131kland\u0131: \u0130lk kez bir il\u00e7enin n\u00fcfusu 1 milyonu ge\u00e7ti"},"content":{"rendered":"<p>T\u00fcrkiye&#x27;nin y\u00fczde 18,3&#x27;\u00fcn\u00fcn ikamet etti\u011fi \u0130stanbul&#x27;un n\u00fcfusu ayn\u0131 d\u00f6nemde 15 milyon 754 bin 53 ki\u015fiye ula\u015f\u0131rken megakentin il\u00e7elerinden Esenyurt, \u00fclkenin en kalabal\u0131k il\u00e7esi olma unvan\u0131n\u0131 korudu. Esenyurt&#x27;ta 2025&#x27;te ya\u015fayanlar\u0131n say\u0131s\u0131 1 milyon 3 bin 905 ki\u015fi ile ilk s\u0131rada yer al\u0131rken T\u00fcrkiye&#x27;de ilk kez bir il\u00e7enin n\u00fcfusu 1 milyonu ge\u00e7ti.<\/p>\n<p>Esenyurt, bu n\u00fcfusuyla T\u00fcrkiye&#x27;nin 57 ilini de geride b\u0131rakt\u0131. \u0130l\u00e7enin ge\u00e7ti\u011fi iller aras\u0131nda Eski\u015fehir, Mardin, Trabzon, Malatya ve Erzurum gibi b\u00fcy\u00fck\u015fehirler de yer ald\u0131.<\/p>\n<p>T\u00dcRK\u0130YE&#x27;N\u0130N 10&#x27;DA B\u0130R\u0130 10 \u0130L\u00c7EDE<\/p>\n<p>Esenyurt&#x27;un ard\u0131ndan 2025&#x27;te ikinci s\u0131rada 957 bin 792 ile Gaziantep&#x27;in \u015eahinbey il\u00e7esi, \u00fc\u00e7\u00fcnc\u00fc s\u0131rada 952 bin 198 ile Ankara&#x27;n\u0131n \u00c7ankaya il\u00e7esinin yer ald\u0131\u011f\u0131 g\u00f6r\u00fcld\u00fc. D\u00f6rd\u00fcnc\u00fc s\u0131rada yer alan Ankara&#x27;n\u0131n Ke\u00e7i\u00f6ren il\u00e7esinin 931 bin 722, be\u015finci s\u0131rada yer alan Gaziantep&#x27;in \u015eehitkamil il\u00e7esinin 905 bin 880 ki\u015filik n\u00fcfusu bulunuyor.<\/p>\n<p>Bu il\u00e7eleri, Bursa&#x27;n\u0131n Osmangazi, \u0130stanbul&#x27;un K\u00fc\u00e7\u00fck\u00e7ekmece, Adana&#x27;n\u0131n Seyhan ve \u0130stanbul&#x27;un Pendik ile \u00dcmraniye il\u00e7eleri takip ediyor. S\u00f6z konusu 10 il\u00e7ede ya\u015fayan n\u00fcfus 8 milyon 686 bin 28 ki\u015fi olarak kay\u0131tlara ge\u00e7ti. Bu rakam T\u00fcrkiye n\u00fcfusunun 10&#x27;da birini olu\u015fturdu.<\/p>\n<p>En kalabal\u0131k 10 il\u00e7e aras\u0131nda \u0130stanbul &#x27;un&#8230;<\/p>\n","protected":false},"excerpt":{"rendered":"<p>T\u00fcrkiye \u0130statistik Kurumunca (T\u00dc\u0130K) haz\u0131rlanan Adrese Dayal\u0131 N\u00fcfus Kay\u0131t Sistemi verilerinden yapt\u0131\u011f\u0131 derlemeye g\u00f6re \u00fclke n\u00fcfusu, 2025&#8217;te bir \u00f6nceki y\u0131la&#8230;<\/p>\n","protected":false},"author":2,"featured_media":1071,"comment_status":"open","ping_status":"open","sticky":false,"template":"","format":"standard","meta":{"footnotes":""},"categories":[8,6,5],"tags":[],"class_list":["post-1072","post","type-post","status-publish","format-standard","has-post-thumbnail","hentry","category-arsiv","category-gundem","category-son-dakika"],"_links":{"self":[{"href":"https:\/\/eskigazeteci.com\/index.php?rest_route=\/wp\/v2\/posts\/1072","targetHints":{"allow":["GET"]}}],"collection":[{"href":"https:\/\/eskigazeteci.com\/index.php?rest_route=\/wp\/v2\/posts"}],"about":[{"href":"https:\/\/eskigazeteci.com\/index.php?rest_route=\/wp\/v2\/types\/post"}],"author":[{"embeddable":true,"href":"https:\/\/eskigazeteci.com\/index.php?rest_route=\/wp\/v2\/users\/2"}],"replies":[{"embeddable":true,"href":"https:\/\/eskigazeteci.com\/index.php?rest_route=%2Fwp%2Fv2%2Fcomments&post=1072"}],"version-history":[{"count":0,"href":"https:\/\/eskigazeteci.com\/index.php?rest_route=\/wp\/v2\/posts\/1072\/revisions"}],"wp:featuredmedia":[{"embeddable":true,"href":"https:\/\/eskigazeteci.com\/index.php?rest_route=\/wp\/v2\/media\/1071"}],"wp:attachment":[{"href":"https:\/\/eskigazeteci.com\/index.php?rest_route=%2Fwp%2Fv2%2Fmedia&parent=1072"}],"wp:term":[{"taxonomy":"category","embeddable":true,"href":"https:\/\/eskigazeteci.com\/index.php?rest_route=%2Fwp%2Fv2%2Fcategories&post=1072"},{"taxonomy":"post_tag","embeddable":true,"href":"https:\/\/eskigazeteci.com\/index.php?rest_route=%2Fwp%2Fv2%2Ftags&post=1072"}],"curies":[{"name":"wp","href":"https:\/\/api.w.org\/{rel}","templated":true}]}}