{"id":1070,"date":"2026-02-11T05:22:04","date_gmt":"2026-02-11T05:22:04","guid":{"rendered":"https:\/\/eskigazeteci.com\/?p=1070"},"modified":"2026-02-11T05:22:04","modified_gmt":"2026-02-11T05:22:04","slug":"kizlariyla-goruntulenince-sinirlendi-cekmeyin-istemiyorum","status":"publish","type":"post","link":"https:\/\/eskigazeteci.com\/?p=1070","title":{"rendered":"K\u0131zlar\u0131yla g\u00f6r\u00fcnt\u00fclenince sinirlendi: \u00c7ekmeyin, istemiyorum!"},"content":{"rendered":"<p>Eski e\u015fi Selen Sevigen\u2019den olan k\u0131zlar\u0131yla AVM i\u00e7erisinde al\u0131\u015fveri\u015f yapan G\u00f6khan \u00d6zen, \u00e7\u0131k\u0131\u015fta kameralar\u0131 fark edince rahats\u0131z oldu.<\/p>\n<p>Gazetecilere \u201c\u00c7ekmeyin, istemiyorum\u201d diye tepki g\u00f6steren G\u00f6khan \u00d6zen, son anda AVM\u2019nin \u00f6n kap\u0131s\u0131ndan \u00e7\u0131kmaktan vazge\u00e7erek arka kap\u0131ya y\u00f6neldi.<\/p>\n<p>K\u0131zlar\u0131yla birlikte arka kap\u0131dan arac\u0131na binen \u00d6zen, bu tavr\u0131yla \u015fa\u015f\u0131rtt\u0131. S\u00fcrekli y\u00fcz\u00fcn\u00fc gizlemeye \u00e7al\u0131\u015fan \u015fark\u0131c\u0131n\u0131n, y\u00fcz\u00fcndeki \u015fi\u015flikler dikkat \u00e7ekti. \u25ca Behl\u00fcl AYDIN<\/p>\n<p>Kenan Do\u011fulu, annesi Serpil Do\u011fulu\u2019nun yeni ya\u015f\u0131n\u0131 \u00f6zel bir payla\u015f\u0131mla kutlad\u0131. \u00dcnl\u00fc pop\u00e7u, annesine \u015f\u00f6yle seslendi: \u201cVarl\u0131\u011f\u0131yla hayat\u0131m\u0131za renk, g\u00fcl\u00fc\u015f\u00fcyle d\u00fcnyam\u0131za ne\u015fe katan can\u0131m annemiz. Sevgisiyle g\u00fc\u00e7 veren, sonsuz inanc\u0131yla her zaman yan\u0131m\u0131zda olan ilk kahraman\u0131m\u0131z. Seninle her \u015fey daha anlaml\u0131. Karnaval tad\u0131nda, hep birlikte ge\u00e7irece\u011fimiz bir ya\u015f olsun. Seni \u00e7ok seviyorum.\u201d<\/p>\n<p>Sibel Can ve Hakan Ural\u2019\u0131n k\u0131z\u0131 Melissa Ural ye\u011feni Lina ile ayna selfie\u2019sini sosyal medya hesab\u0131nda payla\u015ft\u0131. Abisi Engincan Ural ile e\u015fi Merve Kaya Ural\u2019\u0131n evlili\u011finden olan minik ye\u011feniyle yak\u0131ndan ilgilenen Melissa Ural takip\u00e7ilerinden k\u0131sa s\u00fcrede binlerce be\u011feni ald\u0131.<\/p>\n<p>Selen G\u00f6rg\u00fczel\u2019in sundu\u011fu \u201cCam Masa\u201d program\u0131na \u201cEvlili\u011fin temelinde a\u015fk yoktur\u201d diyen&#8230;<\/p>\n","protected":false},"excerpt":{"rendered":"<p>\u00dcnl\u00fc \u015fark\u0131c\u0131 G\u00f6khan \u00d6zen \u00f6nceki g\u00fcn k\u0131zlar\u0131 Ada Deren (14) ve Derin Su (11) ile birlikte Ni\u015fanta\u015f\u0131 City\u2019s\u2019deydi.<\/p>\n","protected":false},"author":2,"featured_media":1069,"comment_status":"open","ping_status":"open","sticky":false,"template":"","format":"standard","meta":{"footnotes":""},"categories":[8,6,5],"tags":[],"class_list":["post-1070","post","type-post","status-publish","format-standard","has-post-thumbnail","hentry","category-arsiv","category-gundem","category-son-dakika"],"_links":{"self":[{"href":"https:\/\/eskigazeteci.com\/index.php?rest_route=\/wp\/v2\/posts\/1070","targetHints":{"allow":["GET"]}}],"collection":[{"href":"https:\/\/eskigazeteci.com\/index.php?rest_route=\/wp\/v2\/posts"}],"about":[{"href":"https:\/\/eskigazeteci.com\/index.php?rest_route=\/wp\/v2\/types\/post"}],"author":[{"embeddable":true,"href":"https:\/\/eskigazeteci.com\/index.php?rest_route=\/wp\/v2\/users\/2"}],"replies":[{"embeddable":true,"href":"https:\/\/eskigazeteci.com\/index.php?rest_route=%2Fwp%2Fv2%2Fcomments&post=1070"}],"version-history":[{"count":0,"href":"https:\/\/eskigazeteci.com\/index.php?rest_route=\/wp\/v2\/posts\/1070\/revisions"}],"wp:featuredmedia":[{"embeddable":true,"href":"https:\/\/eskigazeteci.com\/index.php?rest_route=\/wp\/v2\/media\/1069"}],"wp:attachment":[{"href":"https:\/\/eskigazeteci.com\/index.php?rest_route=%2Fwp%2Fv2%2Fmedia&parent=1070"}],"wp:term":[{"taxonomy":"category","embeddable":true,"href":"https:\/\/eskigazeteci.com\/index.php?rest_route=%2Fwp%2Fv2%2Fcategories&post=1070"},{"taxonomy":"post_tag","embeddable":true,"href":"https:\/\/eskigazeteci.com\/index.php?rest_route=%2Fwp%2Fv2%2Ftags&post=1070"}],"curies":[{"name":"wp","href":"https:\/\/api.w.org\/{rel}","templated":true}]}}