{"id":1066,"date":"2026-02-11T04:51:51","date_gmt":"2026-02-11T04:51:51","guid":{"rendered":"https:\/\/eskigazeteci.com\/?p=1066"},"modified":"2026-02-11T04:51:51","modified_gmt":"2026-02-11T04:51:51","slug":"demet-akalin-destek-plani-cevaplandi","status":"publish","type":"post","link":"https:\/\/eskigazeteci.com\/?p=1066","title":{"rendered":"Demet Akal\u0131n Destek Plani Cevapland\u0131"},"content":{"rendered":"<p>\u201cCan\u0131 sa\u011f olsun, bildi\u011fi bir&#8230;\u201d}&lt;\/tool_call&gt;isonlineuserchat2023-10-14T16:58:39.676Z<\/p>\n","protected":false},"excerpt":{"rendered":"<p>Rap\u00e7\u0131lara destek veren Demet Akal\u0131n, Spotify ile ilgili bir a\u00e7\u0131klamas\u0131 ard\u0131ndan Murat Boz&#8217;u takipte kald\u0131.<\/p>\n","protected":false},"author":2,"featured_media":1065,"comment_status":"open","ping_status":"open","sticky":false,"template":"","format":"standard","meta":{"footnotes":""},"categories":[8,6,5],"tags":[],"class_list":["post-1066","post","type-post","status-publish","format-standard","has-post-thumbnail","hentry","category-arsiv","category-gundem","category-son-dakika"],"_links":{"self":[{"href":"https:\/\/eskigazeteci.com\/index.php?rest_route=\/wp\/v2\/posts\/1066","targetHints":{"allow":["GET"]}}],"collection":[{"href":"https:\/\/eskigazeteci.com\/index.php?rest_route=\/wp\/v2\/posts"}],"about":[{"href":"https:\/\/eskigazeteci.com\/index.php?rest_route=\/wp\/v2\/types\/post"}],"author":[{"embeddable":true,"href":"https:\/\/eskigazeteci.com\/index.php?rest_route=\/wp\/v2\/users\/2"}],"replies":[{"embeddable":true,"href":"https:\/\/eskigazeteci.com\/index.php?rest_route=%2Fwp%2Fv2%2Fcomments&post=1066"}],"version-history":[{"count":0,"href":"https:\/\/eskigazeteci.com\/index.php?rest_route=\/wp\/v2\/posts\/1066\/revisions"}],"wp:featuredmedia":[{"embeddable":true,"href":"https:\/\/eskigazeteci.com\/index.php?rest_route=\/wp\/v2\/media\/1065"}],"wp:attachment":[{"href":"https:\/\/eskigazeteci.com\/index.php?rest_route=%2Fwp%2Fv2%2Fmedia&parent=1066"}],"wp:term":[{"taxonomy":"category","embeddable":true,"href":"https:\/\/eskigazeteci.com\/index.php?rest_route=%2Fwp%2Fv2%2Fcategories&post=1066"},{"taxonomy":"post_tag","embeddable":true,"href":"https:\/\/eskigazeteci.com\/index.php?rest_route=%2Fwp%2Fv2%2Ftags&post=1066"}],"curies":[{"name":"wp","href":"https:\/\/api.w.org\/{rel}","templated":true}]}}