{"id":1062,"date":"2026-02-11T04:49:30","date_gmt":"2026-02-11T04:49:30","guid":{"rendered":"https:\/\/eskigazeteci.com\/?p=1062"},"modified":"2026-02-11T04:49:30","modified_gmt":"2026-02-11T04:49:30","slug":"kabine-degisti","status":"publish","type":"post","link":"https:\/\/eskigazeteci.com\/?p=1062","title":{"rendered":"Kabine de\u011fi\u015fti"},"content":{"rendered":"<p>CUMHURBA\u015eKANI Erdo\u011fan imzas\u0131yla Resmi Gazete\u2019de yay\u0131mlanan atama karar\u0131nda \u015funlar yer ald\u0131: \u201cG\u00f6revden aff\u0131n\u0131 isteyen ve g\u00f6revden af talebi kabul edilen Y\u0131lmaz Tun\u00e7\u2019tan bo\u015falan Adalet Bakanl\u0131\u011f\u0131\u2019na Ak\u0131n G\u00fcrlek, Ali Yerlikaya\u2019dan bo\u015falan \u0130\u00e7i\u015fleri Bakanl\u0131\u011f\u0131\u2019na Mustafa \u00c7ift\u00e7i T\u00fcrkiye Cumhuriyeti Anayasas\u0131n\u0131n 104\u2019\u00fcnc\u00fc ve 106\u2019nc\u0131 maddeleri gere\u011fince atanm\u0131\u015ft\u0131r.\u201d<\/p>\n<p>2 K\u0130\u015e\u0130 \u0130LE SINIRLI TUTULDU<\/p>\n<p>31 Mart yerel se\u00e7imlerinin ard\u0131ndan AK Parti kulislerinde s\u0131k s\u0131k konu\u015fulan Kabine revizyonu 2 ki\u015fi ile s\u0131n\u0131rl\u0131 tutuldu. Kulislerde, bir\u00e7ok bakanl\u0131kta de\u011fi\u015fim olaca\u011f\u0131 konu\u015fulurken, bu konuda en \u00e7ok \u00f6ne \u00e7\u0131kan isim Ali Yerlikaya idi. Yerlikaya\u2019n\u0131n de\u011fi\u015fimi bekleniyordu. Konyal\u0131 olan Yerlikaya\u2019n\u0131n yerine ise yine Konyal\u0131 olan Erzurum Valisi \u00c7ift\u00e7i atand\u0131. \u00c7ift\u00e7i, m\u00fclki idare ge\u00e7mi\u015fiyle \u00f6ne \u00e7\u0131kan bir isim olarak biliniyor. Erzurum Valisi Mustafa \u00c7ift\u00e7i, Diyanet \u0130\u015fleri Ba\u015fkanl\u0131\u011f\u0131\u2019nca 2024 y\u0131l\u0131nda d\u00fczenlenen \u2018Haf\u0131z Kal Yar\u0131\u015fmas\u0131\u2019n\u0131n T\u00fcrkiye finalinde 15 c\u00fcz kategorisinde birinci olmu\u015ftu. 43 y\u0131l \u00f6nce haf\u0131z olan \u00c7ift\u00e7i, yar\u0131\u015fma i\u00e7in s\u0131k\u0131 haz\u0131rland\u0131\u011f\u0131n\u0131 a\u00e7\u0131klam\u0131\u015ft\u0131.<\/p>\n<p>ADALET BAKANLI\u011eI\u2019NDA AKIN G\u00dcRLEK D\u00d6NEM\u0130<\/p>\n<p>Kabine revizyonunun en dikkat \u00e7eken ismi ise Ak\u0131n G\u00fcrlek oldu. Bir s\u00fcredir kulislerde Kabine\u2019de yer&#8230;<\/p>\n","protected":false},"excerpt":{"rendered":"<p>Cumhurba\u015fkan\u0131 Tayyip Erdo\u011fan, bir s\u00fcredir kulislerde konu\u015fulan Kabine de\u011fi\u015fimini d\u00fcn gece yapt\u0131. Adalet Bakanl\u0131\u011f\u0131\u2019na \u0130stanbul Cumhuriyet Ba\u015fsavc\u0131s\u0131 Ak\u0131n&#8230;<\/p>\n","protected":false},"author":2,"featured_media":1061,"comment_status":"open","ping_status":"open","sticky":false,"template":"","format":"standard","meta":{"footnotes":""},"categories":[8,6,5],"tags":[],"class_list":["post-1062","post","type-post","status-publish","format-standard","has-post-thumbnail","hentry","category-arsiv","category-gundem","category-son-dakika"],"_links":{"self":[{"href":"https:\/\/eskigazeteci.com\/index.php?rest_route=\/wp\/v2\/posts\/1062","targetHints":{"allow":["GET"]}}],"collection":[{"href":"https:\/\/eskigazeteci.com\/index.php?rest_route=\/wp\/v2\/posts"}],"about":[{"href":"https:\/\/eskigazeteci.com\/index.php?rest_route=\/wp\/v2\/types\/post"}],"author":[{"embeddable":true,"href":"https:\/\/eskigazeteci.com\/index.php?rest_route=\/wp\/v2\/users\/2"}],"replies":[{"embeddable":true,"href":"https:\/\/eskigazeteci.com\/index.php?rest_route=%2Fwp%2Fv2%2Fcomments&post=1062"}],"version-history":[{"count":0,"href":"https:\/\/eskigazeteci.com\/index.php?rest_route=\/wp\/v2\/posts\/1062\/revisions"}],"wp:featuredmedia":[{"embeddable":true,"href":"https:\/\/eskigazeteci.com\/index.php?rest_route=\/wp\/v2\/media\/1061"}],"wp:attachment":[{"href":"https:\/\/eskigazeteci.com\/index.php?rest_route=%2Fwp%2Fv2%2Fmedia&parent=1062"}],"wp:term":[{"taxonomy":"category","embeddable":true,"href":"https:\/\/eskigazeteci.com\/index.php?rest_route=%2Fwp%2Fv2%2Fcategories&post=1062"},{"taxonomy":"post_tag","embeddable":true,"href":"https:\/\/eskigazeteci.com\/index.php?rest_route=%2Fwp%2Fv2%2Ftags&post=1062"}],"curies":[{"name":"wp","href":"https:\/\/api.w.org\/{rel}","templated":true}]}}