{"id":1060,"date":"2026-02-11T04:47:58","date_gmt":"2026-02-11T04:47:58","guid":{"rendered":"https:\/\/eskigazeteci.com\/?p=1060"},"modified":"2026-02-11T04:47:58","modified_gmt":"2026-02-11T04:47:58","slug":"10-bin-franklik-olum-paketinde-iki-yillik-cile","status":"publish","type":"post","link":"https:\/\/eskigazeteci.com\/?p=1060","title":{"rendered":"10 bin frankl\u0131k \u2018\u00f6l\u00fcm paketi\u2019nde iki y\u0131ll\u0131k \u00e7ile"},"content":{"rendered":"<p>P ortekiz as\u0131ll\u0131 Aida Alexander Oliviera , estetik ameliyat\u0131 i\u00e7in 1 Mart 2024\u2019te \u0130svi\u00e7re\u2019den \u0130stanbul\u2019a geldi. Sanal medyadan ileti\u015fime ge\u00e7ti\u011fi doktor ile ayn\u0131 g\u00fcn \u015ei\u015fli\u2019de klinikte bulu\u015fan Oliviera\u2019n\u0131n ya\u011f ald\u0131rma ve kal\u00e7aya ya\u011f enjeksiyonu Balat\u2019taki \u00f6zel hastanede yap\u0131ld\u0131. Ameliyat\u0131n ard\u0131ndan oteline d\u00f6nen Oliviera, 5 g\u00fcn sonra rahats\u0131zland\u0131. Doktorun klini\u011finde tedaviye al\u0131nan Oliviera, 7 Mart\u2019ta hayat\u0131n\u0131 kaybetti. Olay\u0131n ard\u0131ndan Adli T\u0131p Kurumu\u2019nda otopsi i\u015flemi yap\u0131lan gen\u00e7 kad\u0131n\u0131n; ya\u011f ald\u0131rma ve kal\u00e7aya ya\u011f enjeksiyonu sonras\u0131nda olu\u015fan b\u00fcy\u00fck damar y\u0131rt\u0131lmas\u0131na ba\u011fl\u0131 i\u00e7 kanama ile akci\u011fer damarlar\u0131n\u0131n p\u0131ht\u0131 ile t\u0131kanmas\u0131 sonucu \u00f6ld\u00fc\u011f\u00fc tespit edildi. \u00d6l\u00fcm\u00fcn ard\u0131ndan ba\u015flat\u0131lan soru\u015fturma s\u00fcrerken doktorun kusurlu olup olmad\u0131\u011f\u0131na ili\u015fkin de\u011ferlendirmenin ise s\u00fcrd\u00fc\u011f\u00fc belirtildi. Soru\u015fturmada ayr\u0131ca \u00f6l\u00fcm\u00fcn ard\u0131ndan te\u015fhis i\u00e7in \u0130stanbul\u2019a gelen kuzeninin ifadesinin al\u0131nd\u0131\u011f\u0131 ve yeminli terc\u00fcman yerine doktorun y\u00f6nlendirdi\u011fi bir ki\u015finin terc\u00fcmanl\u0131k yapt\u0131\u011f\u0131 iddia edildi.<\/p>\n<p>\u2018YARIN BA\u015eKASININ DA BA\u015eINA GELEB\u0130L\u0130R\u2019<\/p>\n<p>Ac\u0131l\u0131 baba Eduarda Amelia Assun\u00e7ao De Oliveira, \u201cDe\u011ferlendirmesi yapmak \u00e7ok zor fakat bunun sorumlular\u0131 var ve bu sorumlu ki\u015fileri bulmak gerekiyor. T\u00fcrk adaletine&#8230;<\/p>\n","protected":false},"excerpt":{"rendered":"<p>\u0130svi\u00e7re\u2019den \u0130stanbul\u2019a, u\u00e7ak ve konaklama dahil 10 bin \u0130svi\u00e7re Frang\u0131 (569 bin TL) kar\u015f\u0131l\u0131\u011f\u0131nda anla\u015ft\u0131\u011f\u0131 estetik operasyonu i\u00e7in gelen 22 ya\u015f\u0131ndaki Aida&#8230;<\/p>\n","protected":false},"author":2,"featured_media":1059,"comment_status":"open","ping_status":"open","sticky":false,"template":"","format":"standard","meta":{"footnotes":""},"categories":[8,6,5],"tags":[],"class_list":["post-1060","post","type-post","status-publish","format-standard","has-post-thumbnail","hentry","category-arsiv","category-gundem","category-son-dakika"],"_links":{"self":[{"href":"https:\/\/eskigazeteci.com\/index.php?rest_route=\/wp\/v2\/posts\/1060","targetHints":{"allow":["GET"]}}],"collection":[{"href":"https:\/\/eskigazeteci.com\/index.php?rest_route=\/wp\/v2\/posts"}],"about":[{"href":"https:\/\/eskigazeteci.com\/index.php?rest_route=\/wp\/v2\/types\/post"}],"author":[{"embeddable":true,"href":"https:\/\/eskigazeteci.com\/index.php?rest_route=\/wp\/v2\/users\/2"}],"replies":[{"embeddable":true,"href":"https:\/\/eskigazeteci.com\/index.php?rest_route=%2Fwp%2Fv2%2Fcomments&post=1060"}],"version-history":[{"count":0,"href":"https:\/\/eskigazeteci.com\/index.php?rest_route=\/wp\/v2\/posts\/1060\/revisions"}],"wp:featuredmedia":[{"embeddable":true,"href":"https:\/\/eskigazeteci.com\/index.php?rest_route=\/wp\/v2\/media\/1059"}],"wp:attachment":[{"href":"https:\/\/eskigazeteci.com\/index.php?rest_route=%2Fwp%2Fv2%2Fmedia&parent=1060"}],"wp:term":[{"taxonomy":"category","embeddable":true,"href":"https:\/\/eskigazeteci.com\/index.php?rest_route=%2Fwp%2Fv2%2Fcategories&post=1060"},{"taxonomy":"post_tag","embeddable":true,"href":"https:\/\/eskigazeteci.com\/index.php?rest_route=%2Fwp%2Fv2%2Ftags&post=1060"}],"curies":[{"name":"wp","href":"https:\/\/api.w.org\/{rel}","templated":true}]}}