{"id":1058,"date":"2026-02-11T04:46:25","date_gmt":"2026-02-11T04:46:25","guid":{"rendered":"https:\/\/eskigazeteci.com\/?p=1058"},"modified":"2026-02-11T04:46:25","modified_gmt":"2026-02-11T04:46:25","slug":"ayse-barima-muebbet-istendi","status":"publish","type":"post","link":"https:\/\/eskigazeteci.com\/?p=1058","title":{"rendered":"Ay\u015fe Bar\u0131m\u2019a m\u00fcebbet istendi"},"content":{"rendered":"<p>Savc\u0131 m\u00fctalaada, Ay\u015fe Bar\u0131m\u2019\u0131n \u2018Cebir ve \u015fiddet kullanarak T\u00fcrkiye Cumhuriyeti H\u00fck\u00fcmeti\u2019ni ortadan kald\u0131rmaya veya g\u00f6revlerini yapmas\u0131n\u0131 k\u0131smen veya tamamen engellemeye te\u015febb\u00fcs\u2019 iddias\u0131yla a\u011f\u0131rla\u015ft\u0131r\u0131lm\u0131\u015f m\u00fcebbet hapsini istedi.<\/p>\n<p>\u2018DANI\u015eILAN VE ONAYI ALINAN K\u0130\u015e\u0130\u2019<\/p>\n<p>M\u00fctalaan\u0131n devam\u0131nda, Emine Ay\u015fe Bar\u0131m\u2019\u0131n Gezi Davas\u0131 firari san\u0131klar\u0131ndan olan Memet Ali Alabora ile Gezi eylemleri kapsam\u0131nda bir bildirinin yay\u0131nlan\u0131p yay\u0131nlanmamas\u0131 konusunda fikir al\u0131\u015fveri\u015finde bulunduklar\u0131na dair 2 tape g\u00f6r\u00fc\u015fmesinin bulundu\u011fu, tape i\u00e7eri\u011finde Bar\u0131m\u2019\u0131n bildirinin yay\u0131nlanmamas\u0131 hususunda bir irade ortaya koydu\u011fu ileri s\u00fcr\u00fcld\u00fc. Ay\u015fe Bar\u0131m\u2019\u0131n irade g\u00f6steren, dan\u0131\u015f\u0131lan ve onay\u0131 al\u0131nan ki\u015fi olarak tespit edildi\u011fi ifade edildi.<\/p>\n<p>\u2018S\u00dcREC\u0130N YAYILMASINI SA\u011eLADI\u2019<\/p>\n<p>Ay\u015fe Bar\u0131m\u2019\u0131n s\u00fcreci destekleyerek yay\u0131lmas\u0131n\u0131 sa\u011flad\u0131\u011f\u0131, \u015firketine ba\u011fl\u0131 sanat\u00e7\u0131lar arac\u0131l\u0131\u011f\u0131 ile eylem \u00e7a\u011fr\u0131lar\u0131 yaparak \u015fiddet olaylar\u0131n\u0131n t\u0131rmanmas\u0131na zemin haz\u0131rlad\u0131\u011f\u0131, kendisine ba\u011fl\u0131 oyuncular\u0131 etkin bir \u015fekilde sahaya y\u00f6nlendirdi\u011fi iddia edildi.<\/p>\n<p>T\u00fcrkiye g\u00fcndeminden son dakika haberleri, bug\u00fcn ya\u015fanan en son geli\u015fmeler, siyaset g\u00fcndeminden g\u00fcncel haberler ve b\u00fct\u00fcn son dakika haberleri i\u00e7in H\u00fcrriyet&#x27;in internet haber sitesi hurriyet.com.tr;&#8230;<\/p>\n","protected":false},"excerpt":{"rendered":"<p>Taksim\u2019deki Gezi Park\u0131 eylemlerine kat\u0131ld\u0131\u011f\u0131na ili\u015fkin ID \u0130leti\u015fim\u2019in sahibi menajer Ay\u015fe Bar\u0131m\u2019a \u2018T\u00fcrkiye Cumhuriyeti H\u00fck\u00fcmeti\u2019ni ortadan kald\u0131rmaya veya&#8230;<\/p>\n","protected":false},"author":2,"featured_media":1057,"comment_status":"open","ping_status":"open","sticky":false,"template":"","format":"standard","meta":{"footnotes":""},"categories":[8,6,5],"tags":[],"class_list":["post-1058","post","type-post","status-publish","format-standard","has-post-thumbnail","hentry","category-arsiv","category-gundem","category-son-dakika"],"_links":{"self":[{"href":"https:\/\/eskigazeteci.com\/index.php?rest_route=\/wp\/v2\/posts\/1058","targetHints":{"allow":["GET"]}}],"collection":[{"href":"https:\/\/eskigazeteci.com\/index.php?rest_route=\/wp\/v2\/posts"}],"about":[{"href":"https:\/\/eskigazeteci.com\/index.php?rest_route=\/wp\/v2\/types\/post"}],"author":[{"embeddable":true,"href":"https:\/\/eskigazeteci.com\/index.php?rest_route=\/wp\/v2\/users\/2"}],"replies":[{"embeddable":true,"href":"https:\/\/eskigazeteci.com\/index.php?rest_route=%2Fwp%2Fv2%2Fcomments&post=1058"}],"version-history":[{"count":0,"href":"https:\/\/eskigazeteci.com\/index.php?rest_route=\/wp\/v2\/posts\/1058\/revisions"}],"wp:featuredmedia":[{"embeddable":true,"href":"https:\/\/eskigazeteci.com\/index.php?rest_route=\/wp\/v2\/media\/1057"}],"wp:attachment":[{"href":"https:\/\/eskigazeteci.com\/index.php?rest_route=%2Fwp%2Fv2%2Fmedia&parent=1058"}],"wp:term":[{"taxonomy":"category","embeddable":true,"href":"https:\/\/eskigazeteci.com\/index.php?rest_route=%2Fwp%2Fv2%2Fcategories&post=1058"},{"taxonomy":"post_tag","embeddable":true,"href":"https:\/\/eskigazeteci.com\/index.php?rest_route=%2Fwp%2Fv2%2Ftags&post=1058"}],"curies":[{"name":"wp","href":"https:\/\/api.w.org\/{rel}","templated":true}]}}